{"id":33920,"date":"2024-05-22T19:02:20","date_gmt":"2024-05-22T22:02:20","guid":{"rendered":"https:\/\/chacosintesis.com.ar\/?p=33920"},"modified":"2024-05-22T19:04:36","modified_gmt":"2024-05-22T22:04:36","slug":"el-municipio-termal-y-el-c-e-f-n2-firmaron-un-convenio-de-cooperacion-mutua","status":"publish","type":"post","link":"https:\/\/chacosintesis.com.ar\/index.php\/el-municipio-termal-y-el-c-e-f-n2-firmaron-un-convenio-de-cooperacion-mutua\/","title":{"rendered":"El municipio termal y el C.E.F N\u00b02 firmaron un convenio de cooperaci\u00f3n mutua"},"content":{"rendered":"<div class=\"postie-post\">En las instalaciones del Centro de Educaci\u00f3n F\u00edsica N\u00b0 2 (CEF) , el intendente Bruno Cipolini junto al director del lugar Fernando Villa, la directora Regional Educativa IV A Paloma Egeay el supervisor Leonardo Senoff,  firmaron un convenio de colaboraci\u00f3n entre todas las partes, con el objetivo de fortalecer las distintas actividades deportivas que se llevan adelante en la ciudad, que contiene a personas de distintas edades y zonas de la ciudad termal.<\/p>\n<p> &#8220;Cada disciplina es una oportunidad para un ni\u00f1o, para un joven, para los m\u00e1s grandes, de sentirse bien y fortalecer sus proyectos de vida&#8221;, expres\u00f3 el jefe comunal saenzpe\u00f1ense.<br \/>\n <img decoding=\"async\" src=\"data:image\/gif;base64,R0lGODlhAQABAIAAAAAAAP\/\/\/ywAAAAAAQABAAACAUwAOw==\" fifu-lazy=\"1\" fifu-data-sizes=\"auto\" fifu-data-srcset=\"https:\/\/i2.wp.com\/chacosintesis.com.ar\/wp-content\/uploads\/2024\/05\/WhatsApp-Image-2024-05-22-at-14.02.28-800x533.jpeg?ssl=1&w=75&resize=75&ssl=1 75w, https:\/\/i2.wp.com\/chacosintesis.com.ar\/wp-content\/uploads\/2024\/05\/WhatsApp-Image-2024-05-22-at-14.02.28-800x533.jpeg?ssl=1&w=100&resize=100&ssl=1 100w, https:\/\/i2.wp.com\/chacosintesis.com.ar\/wp-content\/uploads\/2024\/05\/WhatsApp-Image-2024-05-22-at-14.02.28-800x533.jpeg?ssl=1&w=150&resize=150&ssl=1 150w, https:\/\/i2.wp.com\/chacosintesis.com.ar\/wp-content\/uploads\/2024\/05\/WhatsApp-Image-2024-05-22-at-14.02.28-800x533.jpeg?ssl=1&w=240&resize=240&ssl=1 240w, https:\/\/i2.wp.com\/chacosintesis.com.ar\/wp-content\/uploads\/2024\/05\/WhatsApp-Image-2024-05-22-at-14.02.28-800x533.jpeg?ssl=1&w=320&resize=320&ssl=1 320w, https:\/\/i2.wp.com\/chacosintesis.com.ar\/wp-content\/uploads\/2024\/05\/WhatsApp-Image-2024-05-22-at-14.02.28-800x533.jpeg?ssl=1&w=500&resize=500&ssl=1 500w, https:\/\/i2.wp.com\/chacosintesis.com.ar\/wp-content\/uploads\/2024\/05\/WhatsApp-Image-2024-05-22-at-14.02.28-800x533.jpeg?ssl=1&w=640&resize=640&ssl=1 640w, https:\/\/i2.wp.com\/chacosintesis.com.ar\/wp-content\/uploads\/2024\/05\/WhatsApp-Image-2024-05-22-at-14.02.28-800x533.jpeg?ssl=1&w=800&resize=800&ssl=1 800w, https:\/\/i2.wp.com\/chacosintesis.com.ar\/wp-content\/uploads\/2024\/05\/WhatsApp-Image-2024-05-22-at-14.02.28-800x533.jpeg?ssl=1&w=1024&resize=1024&ssl=1 1024w, https:\/\/i2.wp.com\/chacosintesis.com.ar\/wp-content\/uploads\/2024\/05\/WhatsApp-Image-2024-05-22-at-14.02.28-800x533.jpeg?ssl=1&w=1280&resize=1280&ssl=1 1280w, https:\/\/i2.wp.com\/chacosintesis.com.ar\/wp-content\/uploads\/2024\/05\/WhatsApp-Image-2024-05-22-at-14.02.28-800x533.jpeg?ssl=1&w=1600&resize=1600&ssl=1 1600w\" fifu-data-src=\"https:\/\/i2.wp.com\/chacosintesis.com.ar\/wp-content\/uploads\/2024\/05\/WhatsApp-Image-2024-05-22-at-14.02.28-800x533.jpeg?ssl=1\" alt=\"\" width=\"800px\" height=\"533px\" class=\"alignnone size-medium wp-image-33922\" \/><\/p>\n<p> El objetivo de este convenio es reforzar las distintas actividades que se desarrollan en la ciudad Termal , brind\u00e1ndoles todos los factores para un pleno funcionamiento, como ser profesores, elementos e infraestructura adecuada.<\/p>\n<p> &#8220;Sabemos que un espacio vac\u00edo es un espacio que est\u00e1 m\u00e1s en riesgo que siendo aprovechado; pero a partir de este momento tratar de complementar lo que es, por supuesto, las actividades que tienen que ver estrictamente con el dictado desde el sistema educativo con lo que podemos brindar desde el Municipio para que este lugar sea tambi\u00e9n abrazado por el resto de la comunidad&#8221;, dej\u00f3 en claro el Intendente.<\/p>\n<p>Por su parte, el director del CEF N\u00b0 2, destac\u00f3 el trabajo y accionar del Municipio en materia deportiva, &#8220;trabajando siempre mancomunadamente para todos los establecimientos, es como una rueda de auxilio, no podemos funcionar si no est\u00e1 la Municipalidad&#8221;.<\/p>\n<p> &#8220;La idea es funcionar, de apoyarnos en el funcionamiento, porque tenemos un espacio, gracias a Dios, que est\u00e1 muy bueno y poderlo aprovechar m\u00e1s&#8221;, finaliz\u00f3 Villa.<\/p>\n<p> En la oportunidad se cont\u00f3 con la presencia del secretario de Desarrollo Humano y Deportes, German Arredondo, el supervisor Leonardo Senoff y el subsecretario de Deporte Social y Comunitario Ivan Arredondo.<\/p><\/div>\n","protected":false},"excerpt":{"rendered":"<p>En las instalaciones del Centro de Educaci\u00f3n F\u00edsica N\u00b0 2 (CEF) , el intendente Bruno Cipolini junto al director del lugar Fernando Villa, la directora Regional Educativa IV A Paloma Egeay el supervisor Leonardo Senoff, firmaron un convenio de colaboraci\u00f3n entre todas las partes, con el objetivo de fortalecer las distintas actividades deportivas que se [&hellip;]<\/p>\n","protected":false},"author":1,"featured_media":33921,"comment_status":"closed","ping_status":"closed","sticky":false,"template":"","format":"standard","meta":{"footnotes":""},"categories":[6],"tags":[],"class_list":{"0":"post-33920","1":"post","2":"type-post","3":"status-publish","4":"format-standard","5":"has-post-thumbnail","7":"category-chaco"},"_links":{"self":[{"href":"https:\/\/chacosintesis.com.ar\/index.php\/wp-json\/wp\/v2\/posts\/33920","targetHints":{"allow":["GET"]}}],"collection":[{"href":"https:\/\/chacosintesis.com.ar\/index.php\/wp-json\/wp\/v2\/posts"}],"about":[{"href":"https:\/\/chacosintesis.com.ar\/index.php\/wp-json\/wp\/v2\/types\/post"}],"author":[{"embeddable":true,"href":"https:\/\/chacosintesis.com.ar\/index.php\/wp-json\/wp\/v2\/users\/1"}],"replies":[{"embeddable":true,"href":"https:\/\/chacosintesis.com.ar\/index.php\/wp-json\/wp\/v2\/comments?post=33920"}],"version-history":[{"count":0,"href":"https:\/\/chacosintesis.com.ar\/index.php\/wp-json\/wp\/v2\/posts\/33920\/revisions"}],"wp:featuredmedia":[{"embeddable":true,"href":"https:\/\/chacosintesis.com.ar\/index.php\/wp-json\/wp\/v2\/media\/33921"}],"wp:attachment":[{"href":"https:\/\/chacosintesis.com.ar\/index.php\/wp-json\/wp\/v2\/media?parent=33920"}],"wp:term":[{"taxonomy":"category","embeddable":true,"href":"https:\/\/chacosintesis.com.ar\/index.php\/wp-json\/wp\/v2\/categories?post=33920"},{"taxonomy":"post_tag","embeddable":true,"href":"https:\/\/chacosintesis.com.ar\/index.php\/wp-json\/wp\/v2\/tags?post=33920"}],"curies":[{"name":"wp","href":"https:\/\/api.w.org\/{rel}","templated":true}]}}