{"id":33887,"date":"2024-05-22T08:30:18","date_gmt":"2024-05-22T11:30:18","guid":{"rendered":"http:\/\/chacosintesis.com.ar\/?p=33887"},"modified":"2024-05-22T08:32:14","modified_gmt":"2024-05-22T11:32:14","slug":"bochas-el-chaco-metio-doblete-historico-en-suardi-campeon-en-duos-y-trios","status":"publish","type":"post","link":"https:\/\/chacosintesis.com.ar\/index.php\/bochas-el-chaco-metio-doblete-historico-en-suardi-campeon-en-duos-y-trios\/","title":{"rendered":"Bochas: El Chaco meti\u00f3 doblete hist\u00f3rico en Suardi: campe\u00f3n en d\u00faos y tr\u00edos"},"content":{"rendered":"<div class=\"postie-post\">Los representantes de Sportivo Argentino de Hermoso Campo y Comercio de Santa Sylvina se quedaron con los t\u00edtulos en tierras santafesinas.<\/p>\n<p> El Chaco se consagr\u00f3 por primera vez en la historia campe\u00f3n tanto en &#8220;d\u00faos&#8221; como en &#8220;tr\u00edos&#8221; en el Campeonato Argentino de Bochas realizado recientemente en Suardi (Santa Fe), con representantes de la Federaci\u00f3n Chaque\u00f1a de la especialidad.<\/p>\n<p> En &#8220;d\u00faos&#8221;, el equipo que actu\u00f3 con los colores chaque\u00f1os fue Sportivo Argentino de Hermoso Campo y estuvo integrado por Emilio Lezcano Arce, Hugo &#8220;Zorro&#8221; Horeyama y \u00c1ngel Sab\u00e1n. El Chaco derrot\u00f3 a Santa Fe (en dos oportunidades), Entre R\u00edos, C\u00f3rdoba y la final a R\u00edo Negro (12-1). En la clasificaci\u00f3n, Corrientes se impuso a Chaco. El DT y delegado de esta especialidad fue Roberto Toledo (Regional, Resistencia).<\/p>\n<p> Por su parte, en la especialidad &#8220;tr\u00edos&#8221;, Comercio de Santa Sylvina se consagr\u00f3 campe\u00f3n representando a nuestra provincia. Los jugadores que se quedaron con el t\u00edtulo fueron Antonio Vargas, Luis Ceferino D\u00edaz, Marcelo Fabi\u00e1n Landriel y Alcides Avelino Valenzuela. El DT y delegado fue Ram\u00f3n Javier &#8220;Pol\u00fa&#8221; Landriel. El representante chaque\u00f1o gan\u00f3 invicto el torneo con triunfos ante Santa Fe, Corrientes, La Rioja, Tucum\u00e1n, Taf\u00ed Viejo, San Luis y la final a Tucum\u00e1n (capital).<\/p>\n<p> Fue un campeonato in\u00e9dito para el Chaco, que en un torneo Argentino se qued\u00f3 con los t\u00edtulos en las dos especialidades.<\/p>\n<p> DIARIO NORTE.-<\/p><\/div>\n","protected":false},"excerpt":{"rendered":"<p>Los representantes de Sportivo Argentino de Hermoso Campo y Comercio de Santa Sylvina se quedaron con los t\u00edtulos en tierras santafesinas. El Chaco se consagr\u00f3 por primera vez en la historia campe\u00f3n tanto en &#8220;d\u00faos&#8221; como en &#8220;tr\u00edos&#8221; en el Campeonato Argentino de Bochas realizado recientemente en Suardi (Santa Fe), con representantes de la Federaci\u00f3n [&hellip;]<\/p>\n","protected":false},"author":1,"featured_media":33888,"comment_status":"closed","ping_status":"closed","sticky":false,"template":"","format":"standard","meta":{"footnotes":""},"categories":[6],"tags":[],"class_list":{"0":"post-33887","1":"post","2":"type-post","3":"status-publish","4":"format-standard","5":"has-post-thumbnail","7":"category-chaco"},"_links":{"self":[{"href":"https:\/\/chacosintesis.com.ar\/index.php\/wp-json\/wp\/v2\/posts\/33887","targetHints":{"allow":["GET"]}}],"collection":[{"href":"https:\/\/chacosintesis.com.ar\/index.php\/wp-json\/wp\/v2\/posts"}],"about":[{"href":"https:\/\/chacosintesis.com.ar\/index.php\/wp-json\/wp\/v2\/types\/post"}],"author":[{"embeddable":true,"href":"https:\/\/chacosintesis.com.ar\/index.php\/wp-json\/wp\/v2\/users\/1"}],"replies":[{"embeddable":true,"href":"https:\/\/chacosintesis.com.ar\/index.php\/wp-json\/wp\/v2\/comments?post=33887"}],"version-history":[{"count":0,"href":"https:\/\/chacosintesis.com.ar\/index.php\/wp-json\/wp\/v2\/posts\/33887\/revisions"}],"wp:featuredmedia":[{"embeddable":true,"href":"https:\/\/chacosintesis.com.ar\/index.php\/wp-json\/wp\/v2\/media\/33888"}],"wp:attachment":[{"href":"https:\/\/chacosintesis.com.ar\/index.php\/wp-json\/wp\/v2\/media?parent=33887"}],"wp:term":[{"taxonomy":"category","embeddable":true,"href":"https:\/\/chacosintesis.com.ar\/index.php\/wp-json\/wp\/v2\/categories?post=33887"},{"taxonomy":"post_tag","embeddable":true,"href":"https:\/\/chacosintesis.com.ar\/index.php\/wp-json\/wp\/v2\/tags?post=33887"}],"curies":[{"name":"wp","href":"https:\/\/api.w.org\/{rel}","templated":true}]}}