{"id":33883,"date":"2024-05-21T22:18:04","date_gmt":"2024-05-22T01:18:04","guid":{"rendered":"https:\/\/chacosintesis.com.ar\/?p=33883"},"modified":"2024-05-21T22:23:11","modified_gmt":"2024-05-22T01:23:11","slug":"detuvieron-a-la-madre-y-al-padrastro-del-nino-desnutrido-y-golpeado-salvajemente-esta-grave","status":"publish","type":"post","link":"https:\/\/chacosintesis.com.ar\/index.php\/detuvieron-a-la-madre-y-al-padrastro-del-nino-desnutrido-y-golpeado-salvajemente-esta-grave\/","title":{"rendered":"Detuvieron a la madre y al padrastro del ni\u00f1o desnutrido y golpeado salvajemente: est\u00e1 grave"},"content":{"rendered":"<div class=\"postie-post\">Un terrible caso de maltrato infantil en Villa Prosperidad, deriv\u00f3 en la detenci\u00f3n de la madre del ni\u00f1o de 2 a\u00f1os, quien se halla en estado desesperante y es intervenido quir\u00fargicamente por m\u00e9dicos del hospital Pedi\u00e1trico de Resistencia. La madre de la v\u00edctima fue detenida, confirmaron fuentes policiales a NORTE.<\/p>\n<p>En un giro desgarrador de los eventos, un caso impactante de presunto maltrato infantil en Villa Prosperidad ha llevado a la detenci\u00f3n de la madre del ni\u00f1o afectado, quien lucha por su vida en el quir\u00f3fano del Hospital Pedi\u00e1trico de Resistencia. Las autoridades confirmaron a NORTE la detenci\u00f3n de la madre, Juana Pedrozo, bajo la acusaci\u00f3n de lesiones agravadas por el v\u00ednculo, tras la orden del fiscal de investigaciones en turno N\u00b014, Francisco De Obald\u00eda Eyseric.<br \/>\nEl peque\u00f1o, de apenas dos a\u00f1os de edad, fue llevado al centro m\u00e9dico por su madre, quien afirm\u00f3 que el ni\u00f1o hab\u00eda vomitado sangre despu\u00e9s de caer de la cama el d\u00eda anterior. Sin embargo, el diagn\u00f3stico m\u00e9dico revel\u00f3 una realidad a\u00fan m\u00e1s alarmante: el nene sufre del s\u00edndrome de maltrato infantil, con m\u00faltiples traumas f\u00edsicos que incluyen un traumatismo abdominal cerrado con laceraci\u00f3n hep\u00e1tica, neumoperitoneo y una fractura occipital, adem\u00e1s de signos de desnutrici\u00f3n cr\u00f3nica. Lo preocupante es que este ser\u00eda el segundo ingreso del ni\u00f1o al hospital bajo sospecha de maltrato infantil en el \u00faltimo a\u00f1o.<\/p>\n<p>Este caso ha conmocionado a la ciudad y ha reavivado el llamado a una mayor atenci\u00f3n y protecci\u00f3n de los derechos de los ni\u00f1os. La situaci\u00f3n del menor es cr\u00edtica, y su pron\u00f3stico es reservado mientras es sometido a cirug\u00eda urgente. Este tr\u00e1gico suceso enfatiza la importancia de estar atentos a posibles se\u00f1ales de maltrato infantil y actuar con prontitud para evitar tragedias similares en el futuro.<\/p>\n<p>DETENCI\u00d3N DEL PADRASTRO<br \/>\n La investigaci\u00f3n por el horror sufrido por un nene de 2 a\u00f1os de Villa Prosperidad est\u00e1 en curso. La madre del peque\u00f1o Juana Pedrozo fue la primera en ser detenida, y en la noche de este martes, el fiscal orden\u00f3 la aprehensi\u00f3n del padrastro Gerardo Medina.<\/p>\n<p>Por el caso de maltrato infantil descubierto por los m\u00e9dicos del hospital Pedi\u00e1trico de Resistencia, el fiscal en turno Francisco De Obald\u00eda Eyseric, orden\u00f3 la detenci\u00f3n del padrastro del ni\u00f1o de 2 a\u00f1os que  ingres\u00f3 con un diagn\u00f3stico desgarrador: &#8220;S\u00edndrome de Maltrato Infantil, Abdomen Agudo, T.E.C. con Fractura Parietal, Traumatismo Abdominal Cerrado con Laceraci\u00f3n Hep\u00e1tica, Neumoperitoneo y TEC (Traumatismo Craneoencef\u00e1lico) con Fractura Occipital, adem\u00e1s de Desnutrici\u00f3n Cr\u00f3nica&#8221;. Este lamentable episodio marca su segundo ingreso al nosocomio por sospecha de maltrato infantil.<\/p>\n<p>La situaci\u00f3n tom\u00f3 un giro a\u00fan m\u00e1s dr\u00e1stico cuando el fiscal a cargo orden\u00f3 la aprehensi\u00f3n de ambos tutores en la causa de &#8220;Supuestas Lesiones por el V\u00ednculo&#8221;. Gerardo Andr\u00e9s Medina, de 25 a\u00f1os y padrastro del menor en cuesti\u00f3n, fue conducido a las autoridades desde su domicilio en la Manzana 135 de la Chacra 192. De acuerdo con las disposiciones del magistrado actuante, Medina fue debidamente notificado de su aprehensi\u00f3n en relaci\u00f3n a la causa. Antes, se dispuso el arresto de la madre del nene, Juana Pedrozo, de Villa Prosperidad. La acusada lleg\u00f3 con su hijo al nosocomio, y pretendi\u00f3 mentir a los profesionales de que el menor se hab\u00eda ca\u00eddo de la cama el d\u00eda lunes. Sin embargo, los pediatras descubrieron el horror que estaba sufriendo la v\u00edctima, la que debi\u00f3 ser intervenida quir\u00fargicamente, y su estado reviste gravedad.<\/p>\n<p>Este suceso sacude a la comunidad y pone de manifiesto la urgente necesidad de abordar y prevenir el maltrato infantil, as\u00ed como de proteger a los ni\u00f1os vulnerables.  La sociedad demanda respuestas y medidas contundentes para garantizar la seguridad y el bienestar de los m\u00e1s peque\u00f1os.<\/p>\n<p> DIARIO NORTE.-<\/p><\/div>\n","protected":false},"excerpt":{"rendered":"<p>Un terrible caso de maltrato infantil en Villa Prosperidad, deriv\u00f3 en la detenci\u00f3n de la madre del ni\u00f1o de 2 a\u00f1os, quien se halla en estado desesperante y es intervenido quir\u00fargicamente por m\u00e9dicos del hospital Pedi\u00e1trico de Resistencia. La madre de la v\u00edctima fue detenida, confirmaron fuentes policiales a NORTE. En un giro desgarrador de [&hellip;]<\/p>\n","protected":false},"author":1,"featured_media":33884,"comment_status":"closed","ping_status":"closed","sticky":false,"template":"","format":"standard","meta":{"footnotes":""},"categories":[6],"tags":[],"class_list":{"0":"post-33883","1":"post","2":"type-post","3":"status-publish","4":"format-standard","5":"has-post-thumbnail","7":"category-chaco"},"_links":{"self":[{"href":"https:\/\/chacosintesis.com.ar\/index.php\/wp-json\/wp\/v2\/posts\/33883","targetHints":{"allow":["GET"]}}],"collection":[{"href":"https:\/\/chacosintesis.com.ar\/index.php\/wp-json\/wp\/v2\/posts"}],"about":[{"href":"https:\/\/chacosintesis.com.ar\/index.php\/wp-json\/wp\/v2\/types\/post"}],"author":[{"embeddable":true,"href":"https:\/\/chacosintesis.com.ar\/index.php\/wp-json\/wp\/v2\/users\/1"}],"replies":[{"embeddable":true,"href":"https:\/\/chacosintesis.com.ar\/index.php\/wp-json\/wp\/v2\/comments?post=33883"}],"version-history":[{"count":0,"href":"https:\/\/chacosintesis.com.ar\/index.php\/wp-json\/wp\/v2\/posts\/33883\/revisions"}],"wp:featuredmedia":[{"embeddable":true,"href":"https:\/\/chacosintesis.com.ar\/index.php\/wp-json\/wp\/v2\/media\/33884"}],"wp:attachment":[{"href":"https:\/\/chacosintesis.com.ar\/index.php\/wp-json\/wp\/v2\/media?parent=33883"}],"wp:term":[{"taxonomy":"category","embeddable":true,"href":"https:\/\/chacosintesis.com.ar\/index.php\/wp-json\/wp\/v2\/categories?post=33883"},{"taxonomy":"post_tag","embeddable":true,"href":"https:\/\/chacosintesis.com.ar\/index.php\/wp-json\/wp\/v2\/tags?post=33883"}],"curies":[{"name":"wp","href":"https:\/\/api.w.org\/{rel}","templated":true}]}}