{"id":33877,"date":"2024-05-21T22:08:16","date_gmt":"2024-05-22T01:08:16","guid":{"rendered":"http:\/\/chacosintesis.com.ar\/?p=33877"},"modified":"2024-05-21T22:17:51","modified_gmt":"2024-05-22T01:17:51","slug":"las-promociones-de-colegios-secundarios-de-saenz-pena-pintaron-murales-sobre-la-salud-mental","status":"publish","type":"post","link":"https:\/\/chacosintesis.com.ar\/index.php\/las-promociones-de-colegios-secundarios-de-saenz-pena-pintaron-murales-sobre-la-salud-mental\/","title":{"rendered":"Las promociones de Colegios Secundarios de S\u00e1enz Pe\u00f1a pintaron murales sobre la salud mental"},"content":{"rendered":"<div class=\"postie-post\">Con la participaci\u00f3n de 24 colegios  secundarios de la ciudad, se realiz\u00f3 una nueva edici\u00f3n del concurso de murales organizado por la Direcci\u00f3n de la Juventud.<\/p>\n<p>El concurso tuvo lugar el d\u00eda domingo y los chicos de &#8220;la promo&#8221; pintaron sobre la tem\u00e1tica &#8220;salud mental&#8221;. El colegio Juana Paula Manso obtuvo el primer puesto, mientras que la ESJA N\u00b09 y la Polit\u00e9cnica, el segundo y tercer lugar respectivamente.<br \/>\n <img decoding=\"async\" src=\"data:image\/gif;base64,R0lGODlhAQABAIAAAAAAAP\/\/\/ywAAAAAAQABAAACAUwAOw==\" fifu-lazy=\"1\" fifu-data-sizes=\"auto\" fifu-data-srcset=\"https:\/\/i3.wp.com\/chacosintesis.com.ar\/wp-content\/uploads\/2024\/05\/WhatsApp-Image-2024-05-20-at-18.28.38-800x534.jpeg?ssl=1&w=75&resize=75&ssl=1 75w, https:\/\/i3.wp.com\/chacosintesis.com.ar\/wp-content\/uploads\/2024\/05\/WhatsApp-Image-2024-05-20-at-18.28.38-800x534.jpeg?ssl=1&w=100&resize=100&ssl=1 100w, https:\/\/i3.wp.com\/chacosintesis.com.ar\/wp-content\/uploads\/2024\/05\/WhatsApp-Image-2024-05-20-at-18.28.38-800x534.jpeg?ssl=1&w=150&resize=150&ssl=1 150w, https:\/\/i3.wp.com\/chacosintesis.com.ar\/wp-content\/uploads\/2024\/05\/WhatsApp-Image-2024-05-20-at-18.28.38-800x534.jpeg?ssl=1&w=240&resize=240&ssl=1 240w, https:\/\/i3.wp.com\/chacosintesis.com.ar\/wp-content\/uploads\/2024\/05\/WhatsApp-Image-2024-05-20-at-18.28.38-800x534.jpeg?ssl=1&w=320&resize=320&ssl=1 320w, https:\/\/i3.wp.com\/chacosintesis.com.ar\/wp-content\/uploads\/2024\/05\/WhatsApp-Image-2024-05-20-at-18.28.38-800x534.jpeg?ssl=1&w=500&resize=500&ssl=1 500w, https:\/\/i3.wp.com\/chacosintesis.com.ar\/wp-content\/uploads\/2024\/05\/WhatsApp-Image-2024-05-20-at-18.28.38-800x534.jpeg?ssl=1&w=640&resize=640&ssl=1 640w, https:\/\/i3.wp.com\/chacosintesis.com.ar\/wp-content\/uploads\/2024\/05\/WhatsApp-Image-2024-05-20-at-18.28.38-800x534.jpeg?ssl=1&w=800&resize=800&ssl=1 800w, https:\/\/i3.wp.com\/chacosintesis.com.ar\/wp-content\/uploads\/2024\/05\/WhatsApp-Image-2024-05-20-at-18.28.38-800x534.jpeg?ssl=1&w=1024&resize=1024&ssl=1 1024w, https:\/\/i3.wp.com\/chacosintesis.com.ar\/wp-content\/uploads\/2024\/05\/WhatsApp-Image-2024-05-20-at-18.28.38-800x534.jpeg?ssl=1&w=1280&resize=1280&ssl=1 1280w, https:\/\/i3.wp.com\/chacosintesis.com.ar\/wp-content\/uploads\/2024\/05\/WhatsApp-Image-2024-05-20-at-18.28.38-800x534.jpeg?ssl=1&w=1600&resize=1600&ssl=1 1600w\" fifu-data-src=\"https:\/\/i3.wp.com\/chacosintesis.com.ar\/wp-content\/uploads\/2024\/05\/WhatsApp-Image-2024-05-20-at-18.28.38-800x534.jpeg?ssl=1\" alt=\"\" width=\"800px\" height=\"534px\" class=\"alignnone size-medium wp-image-33879\" \/><\/p>\n<p>Cabe mencionar que el concurso de murales es una de las distintas actividades que anualmente organiza la Direcci\u00f3n de la Juventud Municipal junto al Consejo Estudiantil, en el marco de la Estudiantina 2024.<br \/>\n <img decoding=\"async\" src=\"data:image\/gif;base64,R0lGODlhAQABAIAAAAAAAP\/\/\/ywAAAAAAQABAAACAUwAOw==\" fifu-lazy=\"1\" fifu-data-sizes=\"auto\" fifu-data-srcset=\"https:\/\/i0.wp.com\/chacosintesis.com.ar\/wp-content\/uploads\/2024\/05\/WhatsApp-Image-2024-05-21-at-13.02.41-800x571.jpeg?ssl=1&w=75&resize=75&ssl=1 75w, https:\/\/i0.wp.com\/chacosintesis.com.ar\/wp-content\/uploads\/2024\/05\/WhatsApp-Image-2024-05-21-at-13.02.41-800x571.jpeg?ssl=1&w=100&resize=100&ssl=1 100w, https:\/\/i0.wp.com\/chacosintesis.com.ar\/wp-content\/uploads\/2024\/05\/WhatsApp-Image-2024-05-21-at-13.02.41-800x571.jpeg?ssl=1&w=150&resize=150&ssl=1 150w, https:\/\/i0.wp.com\/chacosintesis.com.ar\/wp-content\/uploads\/2024\/05\/WhatsApp-Image-2024-05-21-at-13.02.41-800x571.jpeg?ssl=1&w=240&resize=240&ssl=1 240w, https:\/\/i0.wp.com\/chacosintesis.com.ar\/wp-content\/uploads\/2024\/05\/WhatsApp-Image-2024-05-21-at-13.02.41-800x571.jpeg?ssl=1&w=320&resize=320&ssl=1 320w, https:\/\/i0.wp.com\/chacosintesis.com.ar\/wp-content\/uploads\/2024\/05\/WhatsApp-Image-2024-05-21-at-13.02.41-800x571.jpeg?ssl=1&w=500&resize=500&ssl=1 500w, https:\/\/i0.wp.com\/chacosintesis.com.ar\/wp-content\/uploads\/2024\/05\/WhatsApp-Image-2024-05-21-at-13.02.41-800x571.jpeg?ssl=1&w=640&resize=640&ssl=1 640w, https:\/\/i0.wp.com\/chacosintesis.com.ar\/wp-content\/uploads\/2024\/05\/WhatsApp-Image-2024-05-21-at-13.02.41-800x571.jpeg?ssl=1&w=800&resize=800&ssl=1 800w, https:\/\/i0.wp.com\/chacosintesis.com.ar\/wp-content\/uploads\/2024\/05\/WhatsApp-Image-2024-05-21-at-13.02.41-800x571.jpeg?ssl=1&w=1024&resize=1024&ssl=1 1024w, https:\/\/i0.wp.com\/chacosintesis.com.ar\/wp-content\/uploads\/2024\/05\/WhatsApp-Image-2024-05-21-at-13.02.41-800x571.jpeg?ssl=1&w=1280&resize=1280&ssl=1 1280w, https:\/\/i0.wp.com\/chacosintesis.com.ar\/wp-content\/uploads\/2024\/05\/WhatsApp-Image-2024-05-21-at-13.02.41-800x571.jpeg?ssl=1&w=1600&resize=1600&ssl=1 1600w\" fifu-data-src=\"https:\/\/i0.wp.com\/chacosintesis.com.ar\/wp-content\/uploads\/2024\/05\/WhatsApp-Image-2024-05-21-at-13.02.41-800x571.jpeg?ssl=1\" alt=\"\" width=\"800px\" height=\"571px\" class=\"alignnone size-medium wp-image-33880\" \/><\/p>\n<p>Los organizadores destacaron el trabajo en equipo y la creatividad de los alumnos que quedaron plasmados en los muros de la avenida 28 entre 17 y 19.<\/p><\/div>\n","protected":false},"excerpt":{"rendered":"<p>Con la participaci\u00f3n de 24 colegios secundarios de la ciudad, se realiz\u00f3 una nueva edici\u00f3n del concurso de murales organizado por la Direcci\u00f3n de la Juventud. El concurso tuvo lugar el d\u00eda domingo y los chicos de &#8220;la promo&#8221; pintaron sobre la tem\u00e1tica &#8220;salud mental&#8221;. El colegio Juana Paula Manso obtuvo el primer puesto, mientras [&hellip;]<\/p>\n","protected":false},"author":1,"featured_media":33878,"comment_status":"closed","ping_status":"closed","sticky":false,"template":"","format":"standard","meta":{"footnotes":""},"categories":[6],"tags":[],"class_list":{"0":"post-33877","1":"post","2":"type-post","3":"status-publish","4":"format-standard","5":"has-post-thumbnail","7":"category-chaco"},"_links":{"self":[{"href":"https:\/\/chacosintesis.com.ar\/index.php\/wp-json\/wp\/v2\/posts\/33877","targetHints":{"allow":["GET"]}}],"collection":[{"href":"https:\/\/chacosintesis.com.ar\/index.php\/wp-json\/wp\/v2\/posts"}],"about":[{"href":"https:\/\/chacosintesis.com.ar\/index.php\/wp-json\/wp\/v2\/types\/post"}],"author":[{"embeddable":true,"href":"https:\/\/chacosintesis.com.ar\/index.php\/wp-json\/wp\/v2\/users\/1"}],"replies":[{"embeddable":true,"href":"https:\/\/chacosintesis.com.ar\/index.php\/wp-json\/wp\/v2\/comments?post=33877"}],"version-history":[{"count":0,"href":"https:\/\/chacosintesis.com.ar\/index.php\/wp-json\/wp\/v2\/posts\/33877\/revisions"}],"wp:featuredmedia":[{"embeddable":true,"href":"https:\/\/chacosintesis.com.ar\/index.php\/wp-json\/wp\/v2\/media\/33878"}],"wp:attachment":[{"href":"https:\/\/chacosintesis.com.ar\/index.php\/wp-json\/wp\/v2\/media?parent=33877"}],"wp:term":[{"taxonomy":"category","embeddable":true,"href":"https:\/\/chacosintesis.com.ar\/index.php\/wp-json\/wp\/v2\/categories?post=33877"},{"taxonomy":"post_tag","embeddable":true,"href":"https:\/\/chacosintesis.com.ar\/index.php\/wp-json\/wp\/v2\/tags?post=33877"}],"curies":[{"name":"wp","href":"https:\/\/api.w.org\/{rel}","templated":true}]}}