{"id":33871,"date":"2024-05-21T22:02:42","date_gmt":"2024-05-22T01:02:42","guid":{"rendered":"https:\/\/chacosintesis.com.ar\/?p=33871"},"modified":"2024-05-21T22:07:21","modified_gmt":"2024-05-22T01:07:21","slug":"comenzo-el-sexto-curso-de-lsa-organizando-por-la-municipalidad-de-saenz-pena","status":"publish","type":"post","link":"https:\/\/chacosintesis.com.ar\/index.php\/comenzo-el-sexto-curso-de-lsa-organizando-por-la-municipalidad-de-saenz-pena\/","title":{"rendered":"Comenz\u00f3 el sexto curso de LSA organizando por la municipalidad de S\u00e1enz Pe\u00f1a"},"content":{"rendered":"<div class=\"postie-post\">Con m\u00e1s de 100 inscriptos comenz\u00f3 este lunes, el 6\u00b0 curso de LSA organizado por la municipalidad de Pcia Roque S\u00e1enz Pe\u00f1a a trav\u00e9s del \u00c1rea de Discapacidad, que depende de la Secretar\u00eda de Desarrollo Humano y Deportes.<br \/>\nPor tercer a\u00f1o consecutivo la comunidad acompa\u00f1a esta nueva etapa de capacitaci\u00f3n, con el objetivo de trabajar por una ciudad m\u00e1s inclusiva, una de las premisas del intendente Bruno Cipolini.<br \/>\nEn esta oportunidad, se lleva adelante el nivel I de capacitaci\u00f3n, es abierto al p\u00fablico y participan de la misma  docentes, profesionales de la salud, personal de Iprodich, de la municipalidad, estudiantes y personas en general.<br \/>\nHasta el momento son m\u00e1s de 500 las personas que se han capacitado en LSA en la ciudad; es importante destacar que la municipalidad, tiene al menos una persona en mesa de entrada que ha realizado esta capacitaci\u00f3n.<br \/>\nEl curso tendr\u00e1 una duraci\u00f3n de dos meses y medio aproximadamente; es brindado por los profesores Bel\u00e9n Ver\u00f3n, Cristian Chejolan, Fabricio Pereyra y Facundo Bures quienes est\u00e1n acompa\u00f1ados por las int\u00e9rpretes Daniela Aguirre y Carla Sarobe.<\/div>\n","protected":false},"excerpt":{"rendered":"<p>Con m\u00e1s de 100 inscriptos comenz\u00f3 este lunes, el 6\u00b0 curso de LSA organizado por la municipalidad de Pcia Roque S\u00e1enz Pe\u00f1a a trav\u00e9s del \u00c1rea de Discapacidad, que depende de la Secretar\u00eda de Desarrollo Humano y Deportes. Por tercer a\u00f1o consecutivo la comunidad acompa\u00f1a esta nueva etapa de capacitaci\u00f3n, con el objetivo de trabajar [&hellip;]<\/p>\n","protected":false},"author":1,"featured_media":33872,"comment_status":"closed","ping_status":"closed","sticky":false,"template":"","format":"standard","meta":{"footnotes":""},"categories":[6],"tags":[],"class_list":{"0":"post-33871","1":"post","2":"type-post","3":"status-publish","4":"format-standard","5":"has-post-thumbnail","7":"category-chaco"},"_links":{"self":[{"href":"https:\/\/chacosintesis.com.ar\/index.php\/wp-json\/wp\/v2\/posts\/33871","targetHints":{"allow":["GET"]}}],"collection":[{"href":"https:\/\/chacosintesis.com.ar\/index.php\/wp-json\/wp\/v2\/posts"}],"about":[{"href":"https:\/\/chacosintesis.com.ar\/index.php\/wp-json\/wp\/v2\/types\/post"}],"author":[{"embeddable":true,"href":"https:\/\/chacosintesis.com.ar\/index.php\/wp-json\/wp\/v2\/users\/1"}],"replies":[{"embeddable":true,"href":"https:\/\/chacosintesis.com.ar\/index.php\/wp-json\/wp\/v2\/comments?post=33871"}],"version-history":[{"count":0,"href":"https:\/\/chacosintesis.com.ar\/index.php\/wp-json\/wp\/v2\/posts\/33871\/revisions"}],"wp:featuredmedia":[{"embeddable":true,"href":"https:\/\/chacosintesis.com.ar\/index.php\/wp-json\/wp\/v2\/media\/33872"}],"wp:attachment":[{"href":"https:\/\/chacosintesis.com.ar\/index.php\/wp-json\/wp\/v2\/media?parent=33871"}],"wp:term":[{"taxonomy":"category","embeddable":true,"href":"https:\/\/chacosintesis.com.ar\/index.php\/wp-json\/wp\/v2\/categories?post=33871"},{"taxonomy":"post_tag","embeddable":true,"href":"https:\/\/chacosintesis.com.ar\/index.php\/wp-json\/wp\/v2\/tags?post=33871"}],"curies":[{"name":"wp","href":"https:\/\/api.w.org\/{rel}","templated":true}]}}