{"id":33841,"date":"2024-05-21T08:23:44","date_gmt":"2024-05-21T11:23:44","guid":{"rendered":"https:\/\/chacosintesis.com.ar\/?p=33841"},"modified":"2024-05-21T08:27:31","modified_gmt":"2024-05-21T11:27:31","slug":"el-procurador-canteros-puso-la-lupa-en-el-circulo-intimo-de-romina-karban","status":"publish","type":"post","link":"https:\/\/chacosintesis.com.ar\/index.php\/el-procurador-canteros-puso-la-lupa-en-el-circulo-intimo-de-romina-karban\/","title":{"rendered":"El procurador Canteros puso la lupa en el c\u00edrculo \u00edntimo de Romina Karban"},"content":{"rendered":"<div class=\"postie-post\">El viernes estar\u00edan las pericias de los celulares y a partir de all\u00ed se podr\u00edan ordenar algunas detenciones. Jorge Canteros brind\u00f3 detalles de la investigaci\u00f3n.<\/p>\n<p>El procurador Jorge Canteros, al referirse al crimen de Romina Karban, asesinada hace trece d\u00edas, dijo que &#8220;son tres personas las sospechosas, y todas ser\u00edan del c\u00edrculo \u00edntimo, aunque sostuvo que no hay un detenido todav\u00eda, y la car\u00e1tula se la podr\u00eda nombrar como un supuesto femicidio, sobre todo por la violencia con la que ejecutaron a la v\u00edctima&#8221;. &#8220;Romina fue entregada por una persona y la ejecutaron en el mismo lugar donde apareci\u00f3 su cuerpo el 9 de mayo en la zona rural de Pampa Florida, si bien todav\u00eda no hay un examen final de la autopsia&#8221;, aclar\u00f3.<\/p>\n<p>&#8220;Fue citada por un conocido, y es por eso que su asesino no se anim\u00f3 a mirarla a la cara cuando la asesinaron a Romina. Es por eso que los cincos disparos fueron hechos desde atr\u00e1s, y con orificios de entrada y salida.<br \/>\n&#8220;En los allanamientos, en un primer momento, en una de las propiedades de un familiar de la v\u00edctima, de la zona rural, se presume que se escondi\u00f3 una de las escopetas que fueron secuestradas, (porque) no estaba en el primer momento que se realizaron los diligenciamientos&#8221;, indic\u00f3 el procurador Canteros.<br \/>\nEl procurador, en conferencia de prensa, dijo que &#8220;para el viernes tendr\u00edan los resultados de las pericias de los celulares, y desde ah\u00ed podr\u00edamos decir que son dos los principales, y se podr\u00eda a dar alguna detenci\u00f3n, pero todo eso depende de lo que disponga la fiscal Lupi&#8221;, resalt\u00f3 Jorge Canteros.<br \/>\nEn otro pasaje, el funcionario manifest\u00f3 que en los allanamientos se recabaron pruebas contundentes, y sobre todo con la rapidez en que se ejecutaron en una causa tan compleja como lo es el asesinato de Romina Karban, con un avance intenso por parte del personal de la Divisi\u00f3n de Investigaciones, manifest\u00f3 el procurador.<br \/>\nAl finalizar, dijo que &#8220;desde el primer momento se trabaj\u00f3 en silencio, por la vinculaci\u00f3n de tres personas, algunas de las cuales podr\u00edan ser uno de los asesinos, o part\u00edcipe necesario. Y todos son conocidos de Romina&#8221;, puntualiz\u00f3.<\/p>\n<p> DIARIO NORTE.-<\/p><\/div>\n","protected":false},"excerpt":{"rendered":"<p>El viernes estar\u00edan las pericias de los celulares y a partir de all\u00ed se podr\u00edan ordenar algunas detenciones. Jorge Canteros brind\u00f3 detalles de la investigaci\u00f3n. El procurador Jorge Canteros, al referirse al crimen de Romina Karban, asesinada hace trece d\u00edas, dijo que &#8220;son tres personas las sospechosas, y todas ser\u00edan del c\u00edrculo \u00edntimo, aunque sostuvo [&hellip;]<\/p>\n","protected":false},"author":1,"featured_media":33842,"comment_status":"closed","ping_status":"closed","sticky":false,"template":"","format":"standard","meta":{"footnotes":""},"categories":[6],"tags":[],"class_list":{"0":"post-33841","1":"post","2":"type-post","3":"status-publish","4":"format-standard","5":"has-post-thumbnail","7":"category-chaco"},"_links":{"self":[{"href":"https:\/\/chacosintesis.com.ar\/index.php\/wp-json\/wp\/v2\/posts\/33841","targetHints":{"allow":["GET"]}}],"collection":[{"href":"https:\/\/chacosintesis.com.ar\/index.php\/wp-json\/wp\/v2\/posts"}],"about":[{"href":"https:\/\/chacosintesis.com.ar\/index.php\/wp-json\/wp\/v2\/types\/post"}],"author":[{"embeddable":true,"href":"https:\/\/chacosintesis.com.ar\/index.php\/wp-json\/wp\/v2\/users\/1"}],"replies":[{"embeddable":true,"href":"https:\/\/chacosintesis.com.ar\/index.php\/wp-json\/wp\/v2\/comments?post=33841"}],"version-history":[{"count":0,"href":"https:\/\/chacosintesis.com.ar\/index.php\/wp-json\/wp\/v2\/posts\/33841\/revisions"}],"wp:featuredmedia":[{"embeddable":true,"href":"https:\/\/chacosintesis.com.ar\/index.php\/wp-json\/wp\/v2\/media\/33842"}],"wp:attachment":[{"href":"https:\/\/chacosintesis.com.ar\/index.php\/wp-json\/wp\/v2\/media?parent=33841"}],"wp:term":[{"taxonomy":"category","embeddable":true,"href":"https:\/\/chacosintesis.com.ar\/index.php\/wp-json\/wp\/v2\/categories?post=33841"},{"taxonomy":"post_tag","embeddable":true,"href":"https:\/\/chacosintesis.com.ar\/index.php\/wp-json\/wp\/v2\/tags?post=33841"}],"curies":[{"name":"wp","href":"https:\/\/api.w.org\/{rel}","templated":true}]}}