{"id":33833,"date":"2024-05-20T20:08:20","date_gmt":"2024-05-20T23:08:20","guid":{"rendered":"https:\/\/chacosintesis.com.ar\/?p=33833"},"modified":"2024-05-20T20:12:30","modified_gmt":"2024-05-20T23:12:30","slug":"el-municipio-termal-realizo-la-refaccion-total-de-la-terminal-de-omnibus","status":"publish","type":"post","link":"https:\/\/chacosintesis.com.ar\/index.php\/el-municipio-termal-realizo-la-refaccion-total-de-la-terminal-de-omnibus\/","title":{"rendered":"El municipio termal realiz\u00f3 la refacci\u00f3n total de la terminal de \u00f3mnibus"},"content":{"rendered":"<div class=\"postie-post\">Con el objetivo de que los vecinos de S\u00e1enz Pe\u00f1a y quienes llegan a la ciudad cuenten con una estaci\u00f3n terminal de \u00f3mnibus cuyas instalaciones se encuentren en \u00f3ptimas condiciones, el municipio refaccion\u00f3 completamente el lugar.<br \/>\n<img decoding=\"async\" src=\"data:image\/gif;base64,R0lGODlhAQABAIAAAAAAAP\/\/\/ywAAAAAAQABAAACAUwAOw==\" fifu-lazy=\"1\" fifu-data-sizes=\"auto\" fifu-data-srcset=\"https:\/\/i0.wp.com\/chacosintesis.com.ar\/wp-content\/uploads\/2024\/05\/WhatsApp-Image-2024-05-20-at-17.52.52-1-800x533.jpeg?ssl=1&w=75&resize=75&ssl=1 75w, https:\/\/i0.wp.com\/chacosintesis.com.ar\/wp-content\/uploads\/2024\/05\/WhatsApp-Image-2024-05-20-at-17.52.52-1-800x533.jpeg?ssl=1&w=100&resize=100&ssl=1 100w, https:\/\/i0.wp.com\/chacosintesis.com.ar\/wp-content\/uploads\/2024\/05\/WhatsApp-Image-2024-05-20-at-17.52.52-1-800x533.jpeg?ssl=1&w=150&resize=150&ssl=1 150w, https:\/\/i0.wp.com\/chacosintesis.com.ar\/wp-content\/uploads\/2024\/05\/WhatsApp-Image-2024-05-20-at-17.52.52-1-800x533.jpeg?ssl=1&w=240&resize=240&ssl=1 240w, https:\/\/i0.wp.com\/chacosintesis.com.ar\/wp-content\/uploads\/2024\/05\/WhatsApp-Image-2024-05-20-at-17.52.52-1-800x533.jpeg?ssl=1&w=320&resize=320&ssl=1 320w, https:\/\/i0.wp.com\/chacosintesis.com.ar\/wp-content\/uploads\/2024\/05\/WhatsApp-Image-2024-05-20-at-17.52.52-1-800x533.jpeg?ssl=1&w=500&resize=500&ssl=1 500w, https:\/\/i0.wp.com\/chacosintesis.com.ar\/wp-content\/uploads\/2024\/05\/WhatsApp-Image-2024-05-20-at-17.52.52-1-800x533.jpeg?ssl=1&w=640&resize=640&ssl=1 640w, https:\/\/i0.wp.com\/chacosintesis.com.ar\/wp-content\/uploads\/2024\/05\/WhatsApp-Image-2024-05-20-at-17.52.52-1-800x533.jpeg?ssl=1&w=800&resize=800&ssl=1 800w, https:\/\/i0.wp.com\/chacosintesis.com.ar\/wp-content\/uploads\/2024\/05\/WhatsApp-Image-2024-05-20-at-17.52.52-1-800x533.jpeg?ssl=1&w=1024&resize=1024&ssl=1 1024w, https:\/\/i0.wp.com\/chacosintesis.com.ar\/wp-content\/uploads\/2024\/05\/WhatsApp-Image-2024-05-20-at-17.52.52-1-800x533.jpeg?ssl=1&w=1280&resize=1280&ssl=1 1280w, https:\/\/i0.wp.com\/chacosintesis.com.ar\/wp-content\/uploads\/2024\/05\/WhatsApp-Image-2024-05-20-at-17.52.52-1-800x533.jpeg?ssl=1&w=1600&resize=1600&ssl=1 1600w\" fifu-data-src=\"https:\/\/i0.wp.com\/chacosintesis.com.ar\/wp-content\/uploads\/2024\/05\/WhatsApp-Image-2024-05-20-at-17.52.52-1-800x533.jpeg?ssl=1\" alt=\"\" width=\"800px\" height=\"533px\" class=\"alignnone size-medium wp-image-33835\" \/><\/p>\n<p> All\u00ed se refaccion\u00f3 la estructura met\u00e1lica y se pint\u00f3 el techo, se cerraron huecos para evitar el ingreso de palomas al edificio. Adem\u00e1s, se repararon los cordones y canteros de la plazoleta Demetrio Bezus. Se colocaron baldosas vainillas en las veredas y se repararon las existentes con hormig\u00f3n.<\/p>\n<p> En cuanto a los ba\u00f1os fueron intervenidos en su totalidad, reparandolos a nuevos. Se cambi\u00f3 la iluminaci\u00f3n interior y se repotenciaron las luminarias exteriores. Tambi\u00e9n se colocaron bancos nuevos en la sala de espera y se repararon todas las oficinas.<br \/>\n <img decoding=\"async\" src=\"data:image\/gif;base64,R0lGODlhAQABAIAAAAAAAP\/\/\/ywAAAAAAQABAAACAUwAOw==\" fifu-lazy=\"1\" fifu-data-sizes=\"auto\" fifu-data-srcset=\"https:\/\/i3.wp.com\/chacosintesis.com.ar\/wp-content\/uploads\/2024\/05\/WhatsApp-Image-2024-05-20-at-17.52.36-1-800x533.jpeg?ssl=1&w=75&resize=75&ssl=1 75w, https:\/\/i3.wp.com\/chacosintesis.com.ar\/wp-content\/uploads\/2024\/05\/WhatsApp-Image-2024-05-20-at-17.52.36-1-800x533.jpeg?ssl=1&w=100&resize=100&ssl=1 100w, https:\/\/i3.wp.com\/chacosintesis.com.ar\/wp-content\/uploads\/2024\/05\/WhatsApp-Image-2024-05-20-at-17.52.36-1-800x533.jpeg?ssl=1&w=150&resize=150&ssl=1 150w, https:\/\/i3.wp.com\/chacosintesis.com.ar\/wp-content\/uploads\/2024\/05\/WhatsApp-Image-2024-05-20-at-17.52.36-1-800x533.jpeg?ssl=1&w=240&resize=240&ssl=1 240w, https:\/\/i3.wp.com\/chacosintesis.com.ar\/wp-content\/uploads\/2024\/05\/WhatsApp-Image-2024-05-20-at-17.52.36-1-800x533.jpeg?ssl=1&w=320&resize=320&ssl=1 320w, https:\/\/i3.wp.com\/chacosintesis.com.ar\/wp-content\/uploads\/2024\/05\/WhatsApp-Image-2024-05-20-at-17.52.36-1-800x533.jpeg?ssl=1&w=500&resize=500&ssl=1 500w, https:\/\/i3.wp.com\/chacosintesis.com.ar\/wp-content\/uploads\/2024\/05\/WhatsApp-Image-2024-05-20-at-17.52.36-1-800x533.jpeg?ssl=1&w=640&resize=640&ssl=1 640w, https:\/\/i3.wp.com\/chacosintesis.com.ar\/wp-content\/uploads\/2024\/05\/WhatsApp-Image-2024-05-20-at-17.52.36-1-800x533.jpeg?ssl=1&w=800&resize=800&ssl=1 800w, https:\/\/i3.wp.com\/chacosintesis.com.ar\/wp-content\/uploads\/2024\/05\/WhatsApp-Image-2024-05-20-at-17.52.36-1-800x533.jpeg?ssl=1&w=1024&resize=1024&ssl=1 1024w, https:\/\/i3.wp.com\/chacosintesis.com.ar\/wp-content\/uploads\/2024\/05\/WhatsApp-Image-2024-05-20-at-17.52.36-1-800x533.jpeg?ssl=1&w=1280&resize=1280&ssl=1 1280w, https:\/\/i3.wp.com\/chacosintesis.com.ar\/wp-content\/uploads\/2024\/05\/WhatsApp-Image-2024-05-20-at-17.52.36-1-800x533.jpeg?ssl=1&w=1600&resize=1600&ssl=1 1600w\" fifu-data-src=\"https:\/\/i3.wp.com\/chacosintesis.com.ar\/wp-content\/uploads\/2024\/05\/WhatsApp-Image-2024-05-20-at-17.52.36-1-800x533.jpeg?ssl=1\" alt=\"\" width=\"800px\" height=\"533px\" class=\"alignnone size-medium wp-image-33836\" \/><\/p>\n<p> El intendente Bruno Cipolini junto al secretario de Gobierno Diego Landriscina, el subsecretario Luis Collavino, el subsecretario Milton Acu\u00f1a y dem\u00e1s funcionarios, recorrieron las renovadas instalaciones y destacaron la intervenci\u00f3n del municipio para lograr la renovaci\u00f3n y modernizaci\u00f3n de todo el espacio.<\/p><\/div>\n","protected":false},"excerpt":{"rendered":"<p>Con el objetivo de que los vecinos de S\u00e1enz Pe\u00f1a y quienes llegan a la ciudad cuenten con una estaci\u00f3n terminal de \u00f3mnibus cuyas instalaciones se encuentren en \u00f3ptimas condiciones, el municipio refaccion\u00f3 completamente el lugar. All\u00ed se refaccion\u00f3 la estructura met\u00e1lica y se pint\u00f3 el techo, se cerraron huecos para evitar el ingreso de [&hellip;]<\/p>\n","protected":false},"author":1,"featured_media":33834,"comment_status":"closed","ping_status":"closed","sticky":false,"template":"","format":"standard","meta":{"footnotes":""},"categories":[6],"tags":[],"class_list":{"0":"post-33833","1":"post","2":"type-post","3":"status-publish","4":"format-standard","5":"has-post-thumbnail","7":"category-chaco"},"_links":{"self":[{"href":"https:\/\/chacosintesis.com.ar\/index.php\/wp-json\/wp\/v2\/posts\/33833","targetHints":{"allow":["GET"]}}],"collection":[{"href":"https:\/\/chacosintesis.com.ar\/index.php\/wp-json\/wp\/v2\/posts"}],"about":[{"href":"https:\/\/chacosintesis.com.ar\/index.php\/wp-json\/wp\/v2\/types\/post"}],"author":[{"embeddable":true,"href":"https:\/\/chacosintesis.com.ar\/index.php\/wp-json\/wp\/v2\/users\/1"}],"replies":[{"embeddable":true,"href":"https:\/\/chacosintesis.com.ar\/index.php\/wp-json\/wp\/v2\/comments?post=33833"}],"version-history":[{"count":0,"href":"https:\/\/chacosintesis.com.ar\/index.php\/wp-json\/wp\/v2\/posts\/33833\/revisions"}],"wp:featuredmedia":[{"embeddable":true,"href":"https:\/\/chacosintesis.com.ar\/index.php\/wp-json\/wp\/v2\/media\/33834"}],"wp:attachment":[{"href":"https:\/\/chacosintesis.com.ar\/index.php\/wp-json\/wp\/v2\/media?parent=33833"}],"wp:term":[{"taxonomy":"category","embeddable":true,"href":"https:\/\/chacosintesis.com.ar\/index.php\/wp-json\/wp\/v2\/categories?post=33833"},{"taxonomy":"post_tag","embeddable":true,"href":"https:\/\/chacosintesis.com.ar\/index.php\/wp-json\/wp\/v2\/tags?post=33833"}],"curies":[{"name":"wp","href":"https:\/\/api.w.org\/{rel}","templated":true}]}}