{"id":33819,"date":"2024-05-20T19:54:49","date_gmt":"2024-05-20T22:54:49","guid":{"rendered":"https:\/\/chacosintesis.com.ar\/?p=33819"},"modified":"2024-05-20T19:59:07","modified_gmt":"2024-05-20T22:59:07","slug":"casi-200-personas-participaron-de-la-maraton-112-aniversario-de-saenz-pena","status":"publish","type":"post","link":"https:\/\/chacosintesis.com.ar\/index.php\/casi-200-personas-participaron-de-la-maraton-112-aniversario-de-saenz-pena\/","title":{"rendered":"Casi 200 personas participaron de la marat\u00f3n 112 aniversario de S\u00e1enz Pe\u00f1a"},"content":{"rendered":"<div class=\"postie-post\">Con la participaci\u00f3n de casi 200 corredores se llev\u00f3 a cabo la marat\u00f3n 112 aniversario de S\u00e1enz Pe\u00f1a. Esta actividad deportiva se llev\u00f3 adelante, durante el domingo 19 de mayo en las categor\u00edas categor\u00edas 5k, 10k, kids e inclusiva. Organizada por la Secretar\u00eda de Desarrollo Humano y Deportes Municipal, se llev\u00f3 adelante la Marat\u00f3n destinada a diferentes edades y en ambos sexos, teniendo como punto de partida la calle 12 entre 7 y 9,  teniendo una extensi\u00f3n el recorrido de 5 Kil\u00f3metros y 10 kil\u00f3metros. Asimismo, tambi\u00e9n se realiz\u00f3 la \u201cMarat\u00f3n Kids\u201d con extensiones de los recorridos seg\u00fan las edades y la inclusiva.<br \/>\n <img decoding=\"async\" src=\"data:image\/gif;base64,R0lGODlhAQABAIAAAAAAAP\/\/\/ywAAAAAAQABAAACAUwAOw==\" fifu-lazy=\"1\" fifu-data-sizes=\"auto\" fifu-data-srcset=\"https:\/\/i0.wp.com\/chacosintesis.com.ar\/wp-content\/uploads\/2024\/05\/WhatsApp-Image-2024-05-20-at-11.37.14-1-800x533.jpeg?ssl=1&w=75&resize=75&ssl=1 75w, https:\/\/i0.wp.com\/chacosintesis.com.ar\/wp-content\/uploads\/2024\/05\/WhatsApp-Image-2024-05-20-at-11.37.14-1-800x533.jpeg?ssl=1&w=100&resize=100&ssl=1 100w, https:\/\/i0.wp.com\/chacosintesis.com.ar\/wp-content\/uploads\/2024\/05\/WhatsApp-Image-2024-05-20-at-11.37.14-1-800x533.jpeg?ssl=1&w=150&resize=150&ssl=1 150w, https:\/\/i0.wp.com\/chacosintesis.com.ar\/wp-content\/uploads\/2024\/05\/WhatsApp-Image-2024-05-20-at-11.37.14-1-800x533.jpeg?ssl=1&w=240&resize=240&ssl=1 240w, https:\/\/i0.wp.com\/chacosintesis.com.ar\/wp-content\/uploads\/2024\/05\/WhatsApp-Image-2024-05-20-at-11.37.14-1-800x533.jpeg?ssl=1&w=320&resize=320&ssl=1 320w, https:\/\/i0.wp.com\/chacosintesis.com.ar\/wp-content\/uploads\/2024\/05\/WhatsApp-Image-2024-05-20-at-11.37.14-1-800x533.jpeg?ssl=1&w=500&resize=500&ssl=1 500w, https:\/\/i0.wp.com\/chacosintesis.com.ar\/wp-content\/uploads\/2024\/05\/WhatsApp-Image-2024-05-20-at-11.37.14-1-800x533.jpeg?ssl=1&w=640&resize=640&ssl=1 640w, https:\/\/i0.wp.com\/chacosintesis.com.ar\/wp-content\/uploads\/2024\/05\/WhatsApp-Image-2024-05-20-at-11.37.14-1-800x533.jpeg?ssl=1&w=800&resize=800&ssl=1 800w, https:\/\/i0.wp.com\/chacosintesis.com.ar\/wp-content\/uploads\/2024\/05\/WhatsApp-Image-2024-05-20-at-11.37.14-1-800x533.jpeg?ssl=1&w=1024&resize=1024&ssl=1 1024w, https:\/\/i0.wp.com\/chacosintesis.com.ar\/wp-content\/uploads\/2024\/05\/WhatsApp-Image-2024-05-20-at-11.37.14-1-800x533.jpeg?ssl=1&w=1280&resize=1280&ssl=1 1280w, https:\/\/i0.wp.com\/chacosintesis.com.ar\/wp-content\/uploads\/2024\/05\/WhatsApp-Image-2024-05-20-at-11.37.14-1-800x533.jpeg?ssl=1&w=1600&resize=1600&ssl=1 1600w\" fifu-data-src=\"https:\/\/i0.wp.com\/chacosintesis.com.ar\/wp-content\/uploads\/2024\/05\/WhatsApp-Image-2024-05-20-at-11.37.14-1-800x533.jpeg?ssl=1\" alt=\"\" width=\"800px\" height=\"533px\" class=\"alignnone size-medium wp-image-33821\" \/><\/p>\n<p> Los ganadores 5km Damas y Caballeros:<br \/>\nDamas menores de 19 a\u00f1os Ma\u00f1ak Mia Flores Selene G\u00f3mez Micaela<br \/>\nDamas libre 20 a 29 a\u00f1os Aguirre Milagros Larrea Tamara Mendez Adriana Damas 30 a 39 a\u00f1os Avalos Carolina Diaz Marianela Fracalisi Valeria Damas 40 a 49 a\u00f1os Gomenz Ivana Aguirre Anal\u00ed Alomo Andrea Damas 50 a 59 a\u00f1os Barrios Miriam Moreno Olga Deluca Adriana Varones menores 19 a\u00f1os Espindola Lucas Barrios Thiago Balboa Thiago Varones 20 a 29 a\u00f1os Romero Cristian Fernandez Luis Chavez Muricio Varones 30 a 39 a\u00f1os Rodriguez Enzo Alegre Alexis Ru\u00edz D\u00edaz Miguel Varones 40 a 49 a\u00f1os Maguna Ronaldo Seu Victor Kirilek Victor Varones 50 a 59 a\u00f1os Curin Eduardo Coduti Oscar Moyano Oscar Adaptado: Juarez David Varones 60 a 65 a\u00f1os: Benitez Juan Salvadores Eduardo Fari\u00f1a Jorge 10 km Damas y Caballeros: Damas menores 19 a\u00f1os 1\u00b0 Malina Clara<br \/>\nDamas libre 20 a 29 a\u00f1os 1\u00b0 Godoy Mar\u00eda Paula<br \/>\nDamas 30 a 39 1\u00b0 Soto Cintia 2\u00b0 L\u00f3pez Alejandra 3\u00b0 Moyano Melisa<br \/>\nDamas 40 a 49 a\u00f1os 1\u00b0 Condratiuk Sandra 2\u00b0 Mir\u00f3n Yanina<br \/>\nDamas 50 a 59 a\u00f1os 1\u00b0 Contreras Silvia<br \/>\nGeneral damas 1\u00b0 Soto Cintia 2\u00b0 Malina Clara 3\u00b0 L\u00f3pez Alejandra 4\u00b0 Moyano Melisa 5\u00b0 Contreras Silvia<br \/>\nGeneral varones 1\u00b0 Zorrilla Hern\u00e1n 2\u00b0 Pereira Lautaro 3\u00b0 Zorrilla Rodrigo 4\u00b0 Coronel Eduardo 5\u00b0 Ver\u00f3n Juan Jos\u00e9<br \/>\nVarones hasta 19 a\u00f1os 1\u00b0 Pereira Lautaro 2\u00b0 Linares Mateo 3\u00b0 Carballo lucas<br \/>\nVarones libres 20 a 29 a\u00f1os 1\u00b0 Mateo David 2\u00b0 Frete Jes\u00fas 3\u00b0 Ben\u00edtez Cristian<br \/>\nVarones 40 a 49 a\u00f1os 1\u00b0 Maguna Rolando 2\u00b0 Aguilar Federico 3\u00b0 Poncich Jos\u00e9<br \/>\nVarones 50 a 59 a\u00f1os 1\u00b0 Coronel Eduardo 2\u00b0 D\u00edaz Jos\u00e9 Luis 3\u00b0 Aguirre Edgardo<br \/>\nVarones 60 a 65 a\u00f1os 1\u00b0 L\u00f3pez D\u00edaz Marcelo 2\u00b0 Ben\u00edtez Juan 3\u00b0 Condratiuk Mario<br \/>\nVarones 66 a 70 1- Campos F\u00e9lix<br \/>\nVarones 70 en adelante 1- Ilianes Lino<\/p><\/div>\n","protected":false},"excerpt":{"rendered":"<p>Con la participaci\u00f3n de casi 200 corredores se llev\u00f3 a cabo la marat\u00f3n 112 aniversario de S\u00e1enz Pe\u00f1a. Esta actividad deportiva se llev\u00f3 adelante, durante el domingo 19 de mayo en las categor\u00edas categor\u00edas 5k, 10k, kids e inclusiva. Organizada por la Secretar\u00eda de Desarrollo Humano y Deportes Municipal, se llev\u00f3 adelante la Marat\u00f3n destinada [&hellip;]<\/p>\n","protected":false},"author":1,"featured_media":33820,"comment_status":"closed","ping_status":"closed","sticky":false,"template":"","format":"standard","meta":{"footnotes":""},"categories":[6],"tags":[],"class_list":{"0":"post-33819","1":"post","2":"type-post","3":"status-publish","4":"format-standard","5":"has-post-thumbnail","7":"category-chaco"},"_links":{"self":[{"href":"https:\/\/chacosintesis.com.ar\/index.php\/wp-json\/wp\/v2\/posts\/33819","targetHints":{"allow":["GET"]}}],"collection":[{"href":"https:\/\/chacosintesis.com.ar\/index.php\/wp-json\/wp\/v2\/posts"}],"about":[{"href":"https:\/\/chacosintesis.com.ar\/index.php\/wp-json\/wp\/v2\/types\/post"}],"author":[{"embeddable":true,"href":"https:\/\/chacosintesis.com.ar\/index.php\/wp-json\/wp\/v2\/users\/1"}],"replies":[{"embeddable":true,"href":"https:\/\/chacosintesis.com.ar\/index.php\/wp-json\/wp\/v2\/comments?post=33819"}],"version-history":[{"count":0,"href":"https:\/\/chacosintesis.com.ar\/index.php\/wp-json\/wp\/v2\/posts\/33819\/revisions"}],"wp:featuredmedia":[{"embeddable":true,"href":"https:\/\/chacosintesis.com.ar\/index.php\/wp-json\/wp\/v2\/media\/33820"}],"wp:attachment":[{"href":"https:\/\/chacosintesis.com.ar\/index.php\/wp-json\/wp\/v2\/media?parent=33819"}],"wp:term":[{"taxonomy":"category","embeddable":true,"href":"https:\/\/chacosintesis.com.ar\/index.php\/wp-json\/wp\/v2\/categories?post=33819"},{"taxonomy":"post_tag","embeddable":true,"href":"https:\/\/chacosintesis.com.ar\/index.php\/wp-json\/wp\/v2\/tags?post=33819"}],"curies":[{"name":"wp","href":"https:\/\/api.w.org\/{rel}","templated":true}]}}