{"id":33814,"date":"2024-05-20T16:46:58","date_gmt":"2024-05-20T19:46:58","guid":{"rendered":"https:\/\/chacosintesis.com.ar\/?p=33814"},"modified":"2024-05-20T19:52:28","modified_gmt":"2024-05-20T22:52:28","slug":"carim-peche-participo-de-la-reunion-con-el-gobierno-provincial-por-las-fotomultas","status":"publish","type":"post","link":"https:\/\/chacosintesis.com.ar\/index.php\/carim-peche-participo-de-la-reunion-con-el-gobierno-provincial-por-las-fotomultas\/","title":{"rendered":"Carim Peche particip\u00f3 de la reunion con el gobierno provincial por las fotomultas"},"content":{"rendered":"<div class=\"postie-post\">El diputado provincial de la UCR, Carim Peche junto al presidente del Interbloque de Diputados Dr. Sebasti\u00e1n Lazzarini, y en su car\u00e1cter de autor del proyecto de Ley 1054\/22 por el cual se solicita la suspensi\u00f3n del sistema de fotomultas, se deje sin efecto el cobro de las infracciones de tr\u00e1nsito, se desista de toda acci\u00f3n judicial iniciada con motivo del sistema mencionado y se proceda a auditar el sistema de radares implementados en la provincia, particip\u00f3 de una reuni\u00f3n con el secretario de Coordinaci\u00f3n de Gabinete del Poder Ejecutivo provincial, Dr. Livio Guti\u00e9rrez, en la que se abord\u00f3 el tema mencionado.<br \/>\nPeche destac\u00f3 que fue una reuni\u00f3n muy positiva \u201cSe acord\u00f3 realizar un trabajo conjunto entre el gobierno provincial y el Poder Legislativo para corregir esta situaci\u00f3n, el sistema de fotomultas fue implementado en la provincia en el a\u00f1o 2022 durante la gesti\u00f3n del ex gobernador Jorge Capitanich a trav\u00e9s de un convenio firmado con la Universidad Nacional de San Mart\u00edn, provincia de Buenos Aires seg\u00fan lo anunciara oportunamente la ex ministra de Seguridad provincial Gloria Salazar y que presente severas irregularidades\u201d<br \/>\nY record\u00f3 \u201cLey Nacional de Tr\u00e1nsito 24.499 dice \u201c\u2026Los radares con los que se realiza la foto multa deben estar homologados y calibrados\u2026\u201d Esto quiere decir que los equipos que se utilizan para medir la velocidad y detectar excesos deben pasar un examen anual del Instituto Nacional de Tecnolog\u00eda Industrial (INTI).  Establece adem\u00e1s que \u201c\u2026se debe alertar, mediante carteler\u00eda, sobre la existencia&#8230;\u201d y \u201c\u2026se debe notificar al infractor en un plazo razonable para que quede garantizado su derecho a defenderse\u2026\u201d<br \/>\n\u201cTambi\u00e9n establece que, al comprobar infracciones con m\u00e9todos autom\u00e1ticos o semiautom\u00e1ticos, la autoridad deber\u00e1 &#8220;notificar la comisi\u00f3n de la falta al conductor de la unidad dentro de los 10 kil\u00f3metros del lugar en donde se hubiere verificado la misma&#8221;, la norma tambi\u00e9n prev\u00e9 que, &#8220;cuando este procedimiento fuera imposible por circunstancias acreditadas debidamente, ser\u00e1 v\u00e1lida la notificaci\u00f3n al domicilio del presunto infractor&#8221; se\u00f1al\u00f3.<br \/>\nFinalmente volvi\u00f3 a destacar la decisi\u00f3n del gobierno provincial de realizar un trabajo coordinado con la C\u00e1mara de Diputados a fin de corregir esta situaci\u00f3n que ha generado preocupaci\u00f3n en la sociedad \u201cHay voluntad de dar respuestas a una situaci\u00f3n que genera preocupaci\u00f3n a una gran parte de la ciudadan\u00eda chaque\u00f1a\u201d<\/div>\n","protected":false},"excerpt":{"rendered":"<p>El diputado provincial de la UCR, Carim Peche junto al presidente del Interbloque de Diputados Dr. Sebasti\u00e1n Lazzarini, y en su car\u00e1cter de autor del proyecto de Ley 1054\/22 por el cual se solicita la suspensi\u00f3n del sistema de fotomultas, se deje sin efecto el cobro de las infracciones de tr\u00e1nsito, se desista de toda [&hellip;]<\/p>\n","protected":false},"author":1,"featured_media":33815,"comment_status":"closed","ping_status":"closed","sticky":false,"template":"","format":"standard","meta":{"footnotes":""},"categories":[6],"tags":[],"class_list":{"0":"post-33814","1":"post","2":"type-post","3":"status-publish","4":"format-standard","5":"has-post-thumbnail","7":"category-chaco"},"_links":{"self":[{"href":"https:\/\/chacosintesis.com.ar\/index.php\/wp-json\/wp\/v2\/posts\/33814","targetHints":{"allow":["GET"]}}],"collection":[{"href":"https:\/\/chacosintesis.com.ar\/index.php\/wp-json\/wp\/v2\/posts"}],"about":[{"href":"https:\/\/chacosintesis.com.ar\/index.php\/wp-json\/wp\/v2\/types\/post"}],"author":[{"embeddable":true,"href":"https:\/\/chacosintesis.com.ar\/index.php\/wp-json\/wp\/v2\/users\/1"}],"replies":[{"embeddable":true,"href":"https:\/\/chacosintesis.com.ar\/index.php\/wp-json\/wp\/v2\/comments?post=33814"}],"version-history":[{"count":0,"href":"https:\/\/chacosintesis.com.ar\/index.php\/wp-json\/wp\/v2\/posts\/33814\/revisions"}],"wp:featuredmedia":[{"embeddable":true,"href":"https:\/\/chacosintesis.com.ar\/index.php\/wp-json\/wp\/v2\/media\/33815"}],"wp:attachment":[{"href":"https:\/\/chacosintesis.com.ar\/index.php\/wp-json\/wp\/v2\/media?parent=33814"}],"wp:term":[{"taxonomy":"category","embeddable":true,"href":"https:\/\/chacosintesis.com.ar\/index.php\/wp-json\/wp\/v2\/categories?post=33814"},{"taxonomy":"post_tag","embeddable":true,"href":"https:\/\/chacosintesis.com.ar\/index.php\/wp-json\/wp\/v2\/tags?post=33814"}],"curies":[{"name":"wp","href":"https:\/\/api.w.org\/{rel}","templated":true}]}}