{"id":33805,"date":"2024-05-20T12:24:57","date_gmt":"2024-05-20T15:24:57","guid":{"rendered":"http:\/\/chacosintesis.com.ar\/?p=33805"},"modified":"2024-05-20T12:25:45","modified_gmt":"2024-05-20T15:25:45","slug":"primeras-heladas-en-chaco-advierten-que-el-invierno-seria-mas-frio","status":"publish","type":"post","link":"https:\/\/chacosintesis.com.ar\/index.php\/primeras-heladas-en-chaco-advierten-que-el-invierno-seria-mas-frio\/","title":{"rendered":"Primeras heladas en Chaco: Advierten que el invierno ser\u00eda m\u00e1s fr\u00edo"},"content":{"rendered":"<div class=\"postie-post\">La localidad de Tres Isletas registr\u00f3 la primera helada en Chaco. Un informe del INTA anticipa un crudo invierno.<\/p>\n<p>Un usuario en Facebook public\u00f3 una fotograf\u00eda que se resgistr\u00f3 este lunes en Colonia el 45, zona rural de Tres Isletas. &#8220;Primer heladita. S\u00f3lo en las costas de los montes se nota&#8221; cont\u00f3 Sebasti\u00e1n Martinez.<\/p>\n<p>Esta anticipada helada es el preludio de un invierno m\u00e1s fr\u00edo que lo regitrado a\u00f1os anteriores. As\u00ed lo previ\u00f3 un reciente informe el Instituto Nacional de Tecnolog\u00eda Agropecuaria (INTA), en el que se advierte que las heladas se podr\u00edan anticipar y el invierno podr\u00eda llegar a tener m\u00e1s d\u00edas de fr\u00edo que a\u00f1os anteriores en la regi\u00f3n.<\/p>\n<p>Si bien en oto\u00f1o suele ser normal la entrada de masas de aire fr\u00edo, este a\u00f1o a diferencia del a\u00f1o pasado el descenso de las temperaturas fue marcado y poco com\u00fan para mayo. En esta misma l\u00ednea, los pron\u00f3sticos clim\u00e1ticos anticipan que el final del oto\u00f1o e inicios del invierno podr\u00eda ser m\u00e1s fr\u00edo que los que suele ocurrir.<\/p>\n<p>La especialista del Instituto de Clima y Agua del INTA, Natalia Gattinoni, explic\u00f3 que: \u201cEl invierno pasado fue m\u00e1s c\u00e1lido que los inviernos hist\u00f3ricos y la frecuencia de d\u00edas con heladas fue menor que los valores esperados en gran parte del centro y norte argentino\u201d.<\/p>\n<p>Los datos clim\u00e1ticos, para gran parte del litoral y norte argentino, anticipan que la fecha de ocurrencia de heladas meteorol\u00f3gicas es anterior a la fecha media.<\/p>\n<p> \u201cLa ocurrencia de heladas puede anticiparse teniendo en cuenta factores meteorol\u00f3gicos como la temperatura del aire, la humedad relativa y la velocidad del viento. Generalmente, las heladas son m\u00e1s probables durante las noches despejadas y con poco viento, situaci\u00f3n que permite que la tierra pierda calor y se enfr\u00ede m\u00e1s r\u00e1pido\u201d, sostuvo Gattinoni.<\/p>\n<p>Sobre la posibilidad de pronosticar una helada, la especialista se\u00f1al\u00f3 que \u201cla precisi\u00f3n de los pron\u00f3sticos meteorol\u00f3gicos disminuye a medida que se alejan en el tiempo\u201d. Es decir, \u201clos pron\u00f3sticos a corto plazo (de 1 a 5 d\u00edas) suelen ser m\u00e1s precisos que los pron\u00f3sticos a largo plazo\u201d.<\/p>\n<p>En agronom\u00eda, el concepto de helada agrometeorol\u00f3gica corresponde al descenso de la temperatura del aire por debajo de los 3\u00b0C registrados a 1.5 metros en abrigo meteorol\u00f3gico. Este umbral est\u00e1 asociado a valores de temperatura cercanos o inferiores a los 0\u00b0C a nivel del suelo, que dar\u00e1n las condiciones para la ocurrencia de heladas.<\/p>\n<p>Las perspectivas indican que en el \u00e1rea central del pa\u00eds, Patagonia y norte argentino, se transitar\u00eda con condiciones t\u00e9rmicas normales, a excepci\u00f3n del este de Buenos Aires y Entre R\u00edos donde prevalecer\u00edan condiciones m\u00e1s fr\u00edas.<\/p>\n<p>\/\/Con informaci\u00f3n de El Litoral y diario22.ar<\/p><\/div>\n","protected":false},"excerpt":{"rendered":"<p>La localidad de Tres Isletas registr\u00f3 la primera helada en Chaco. Un informe del INTA anticipa un crudo invierno. Un usuario en Facebook public\u00f3 una fotograf\u00eda que se resgistr\u00f3 este lunes en Colonia el 45, zona rural de Tres Isletas. &#8220;Primer heladita. S\u00f3lo en las costas de los montes se nota&#8221; cont\u00f3 Sebasti\u00e1n Martinez. Esta [&hellip;]<\/p>\n","protected":false},"author":1,"featured_media":33806,"comment_status":"closed","ping_status":"closed","sticky":false,"template":"","format":"standard","meta":{"footnotes":""},"categories":[6],"tags":[],"class_list":{"0":"post-33805","1":"post","2":"type-post","3":"status-publish","4":"format-standard","5":"has-post-thumbnail","7":"category-chaco"},"_links":{"self":[{"href":"https:\/\/chacosintesis.com.ar\/index.php\/wp-json\/wp\/v2\/posts\/33805","targetHints":{"allow":["GET"]}}],"collection":[{"href":"https:\/\/chacosintesis.com.ar\/index.php\/wp-json\/wp\/v2\/posts"}],"about":[{"href":"https:\/\/chacosintesis.com.ar\/index.php\/wp-json\/wp\/v2\/types\/post"}],"author":[{"embeddable":true,"href":"https:\/\/chacosintesis.com.ar\/index.php\/wp-json\/wp\/v2\/users\/1"}],"replies":[{"embeddable":true,"href":"https:\/\/chacosintesis.com.ar\/index.php\/wp-json\/wp\/v2\/comments?post=33805"}],"version-history":[{"count":0,"href":"https:\/\/chacosintesis.com.ar\/index.php\/wp-json\/wp\/v2\/posts\/33805\/revisions"}],"wp:featuredmedia":[{"embeddable":true,"href":"https:\/\/chacosintesis.com.ar\/index.php\/wp-json\/wp\/v2\/media\/33806"}],"wp:attachment":[{"href":"https:\/\/chacosintesis.com.ar\/index.php\/wp-json\/wp\/v2\/media?parent=33805"}],"wp:term":[{"taxonomy":"category","embeddable":true,"href":"https:\/\/chacosintesis.com.ar\/index.php\/wp-json\/wp\/v2\/categories?post=33805"},{"taxonomy":"post_tag","embeddable":true,"href":"https:\/\/chacosintesis.com.ar\/index.php\/wp-json\/wp\/v2\/tags?post=33805"}],"curies":[{"name":"wp","href":"https:\/\/api.w.org\/{rel}","templated":true}]}}