{"id":33771,"date":"2024-05-19T09:03:17","date_gmt":"2024-05-19T12:03:17","guid":{"rendered":"https:\/\/chacosintesis.com.ar\/?p=33771"},"modified":"2024-05-19T09:07:22","modified_gmt":"2024-05-19T12:07:22","slug":"el-gobernador-estuvo-este-sabado-en-la-exitosa-fiesta-regional-del-alfajor","status":"publish","type":"post","link":"https:\/\/chacosintesis.com.ar\/index.php\/el-gobernador-estuvo-este-sabado-en-la-exitosa-fiesta-regional-del-alfajor\/","title":{"rendered":"El gobernador estuvo este s\u00e1bado en la exitosa fiesta regional del alfajor"},"content":{"rendered":"<div class=\"postie-post\">Este s\u00e1bado, por la tarde, el gobernador Leandro Zdero estuvo en la Fiesta Regional del Alfajor que ha logrado una masiva concurrencia y participaci\u00f3n de emprendedores en las instalaciones del Domo del Centenario de la ciudad de Resistencia. \u201cCon una participaci\u00f3n extraordinaria de quienes elaboran alfajores en la provincia, de los vecinos y con el acompa\u00f1amiento desde la Provincia a nuestros emprendedores quiero felicitar la creatividad llevada a cabo por el municipio de la ciudad de Resistencia, a trav\u00e9s de la Secretar\u00eda de Cultura y Turismo, y destacar esta convocatoria.  Muy contento por lo que le significa a quienes elaboran, porque realmente est\u00e1n vendiendo todos los productos, hay una muy buena aceptaci\u00f3n de quienes est\u00e1n visitando la feria y ante un marco de p\u00fablico muy importante\u201d- se\u00f1al\u00f3 el mandatario provincial.<\/p>\n<p>El gobernador dialog\u00f3 y recorri\u00f3 los diferentes stands de los emprendedores en este evento que concluir\u00e1 ma\u00f1ana domingo. Durante su presencia en la Fiesta Regional del Alfajor, Zdero salud\u00f3 a la emprendedora chaque\u00f1a, Marisel Torres, que fue la ganadora del Premio Nacional Argentino, en la categor\u00eda del Alfajor de Dulce de Leche con Ba\u00f1o Negro y adem\u00e1s, el gobernador recibi\u00f3 una menci\u00f3n por parte de Cristian Ponce de Le\u00f3n, de la Asociaci\u00f3n de Cocineros Regionales (ACRA) quien manifest\u00f3: \u201cLa verdad es que estamos muy contentos de estar ac\u00e1. Desde un primer momento Chaco nos abri\u00f3 los brazos para la idea, para esta propuesta y valorando la presencia del Gobernador por acompa\u00f1arnos, a la Subsecretar\u00eda de Turismo, de Producci\u00f3n y a todo el municipio\u201d.<\/p>\n<p>B\u00e1rbara Losch, Cultura y Turismo, de la Municipalidad de Resistencia: \u201cMuy contentos por el acompa\u00f1amiento del gobernador y por la respuesta de la gente\u201d. Losch, de Cultura y Turismo del municipio local, remarc\u00f3: \u201cAmpliamente ha superado las expectativas, la verdad que no podemos creer la cantidad de gente.<\/p>\n<p>Los productores ya se est\u00e1n quedando sin alfajores, pero estamos organizando todo para ma\u00f1ana y seguir. Tambi\u00e9n nos prometieron que van a traer m\u00e1s producci\u00f3n que tienen en la casa, as\u00ed que aseguramos estos tres d\u00edas, y la verdad que muy felices, muy contentos con el acompa\u00f1amiento del gobierno del Chaco, del gobernador Zdero, como siempre.<\/p>\n<p>Es uno de los desaf\u00edos del Intendente Roy Nikisch, que el turismo regional, a trav\u00e9s de lo que es la gastronom\u00eda local, se trabaje y se impulse con este tipo de iniciativas\u201d.<\/p>\n<p> El gobernador Leandro Zdero, estuvo acompa\u00f1ado, en esta actividad, por la presidente del Instituto de Turismo de la provincia, Ver\u00f3nica Mazzaroli y funcionarios del \u00e1rea de Emprendedurismo de la provincia.<\/p><\/div>\n","protected":false},"excerpt":{"rendered":"<p>Este s\u00e1bado, por la tarde, el gobernador Leandro Zdero estuvo en la Fiesta Regional del Alfajor que ha logrado una masiva concurrencia y participaci\u00f3n de emprendedores en las instalaciones del Domo del Centenario de la ciudad de Resistencia. \u201cCon una participaci\u00f3n extraordinaria de quienes elaboran alfajores en la provincia, de los vecinos y con el [&hellip;]<\/p>\n","protected":false},"author":1,"featured_media":33772,"comment_status":"closed","ping_status":"closed","sticky":false,"template":"","format":"standard","meta":{"footnotes":""},"categories":[6],"tags":[],"class_list":{"0":"post-33771","1":"post","2":"type-post","3":"status-publish","4":"format-standard","5":"has-post-thumbnail","7":"category-chaco"},"_links":{"self":[{"href":"https:\/\/chacosintesis.com.ar\/index.php\/wp-json\/wp\/v2\/posts\/33771","targetHints":{"allow":["GET"]}}],"collection":[{"href":"https:\/\/chacosintesis.com.ar\/index.php\/wp-json\/wp\/v2\/posts"}],"about":[{"href":"https:\/\/chacosintesis.com.ar\/index.php\/wp-json\/wp\/v2\/types\/post"}],"author":[{"embeddable":true,"href":"https:\/\/chacosintesis.com.ar\/index.php\/wp-json\/wp\/v2\/users\/1"}],"replies":[{"embeddable":true,"href":"https:\/\/chacosintesis.com.ar\/index.php\/wp-json\/wp\/v2\/comments?post=33771"}],"version-history":[{"count":0,"href":"https:\/\/chacosintesis.com.ar\/index.php\/wp-json\/wp\/v2\/posts\/33771\/revisions"}],"wp:featuredmedia":[{"embeddable":true,"href":"https:\/\/chacosintesis.com.ar\/index.php\/wp-json\/wp\/v2\/media\/33772"}],"wp:attachment":[{"href":"https:\/\/chacosintesis.com.ar\/index.php\/wp-json\/wp\/v2\/media?parent=33771"}],"wp:term":[{"taxonomy":"category","embeddable":true,"href":"https:\/\/chacosintesis.com.ar\/index.php\/wp-json\/wp\/v2\/categories?post=33771"},{"taxonomy":"post_tag","embeddable":true,"href":"https:\/\/chacosintesis.com.ar\/index.php\/wp-json\/wp\/v2\/tags?post=33771"}],"curies":[{"name":"wp","href":"https:\/\/api.w.org\/{rel}","templated":true}]}}