{"id":33754,"date":"2024-05-18T12:52:48","date_gmt":"2024-05-18T15:52:48","guid":{"rendered":"http:\/\/chacosintesis.com.ar\/?p=33754"},"modified":"2024-05-18T12:57:57","modified_gmt":"2024-05-18T15:57:57","slug":"fechaco-comexchaco-y-ccres-avanzan-en-agenda-de-trabajo-en-paraguay-de-cara-a-nueva-edicion-de-ronda-de-negocios","status":"publish","type":"post","link":"https:\/\/chacosintesis.com.ar\/index.php\/fechaco-comexchaco-y-ccres-avanzan-en-agenda-de-trabajo-en-paraguay-de-cara-a-nueva-edicion-de-ronda-de-negocios\/","title":{"rendered":"FECHACO, COMEXCHACO y CCRES avanzan en agenda de trabajo en Paraguay de cara a nueva edici\u00f3n de Ronda de Negocios"},"content":{"rendered":"<div class=\"postie-post\">Una comitiva de dirigentes de la Federaci\u00f3n Econ\u00f3mica del Chaco (FECHACO), C\u00e1mara de Comercio Exterior del Chaco (COMEXCHACO) y C\u00e1mara de Comercio de Resistencia (CCRES) mantuvieron distintas reuniones en Paraguay, en el marco de la organizaci\u00f3n que llevan adelante por la Ronda de Negocios Edici\u00f3n &#8220;Norte Grande + Paraguay&#8221;, que tendr\u00e1 lugar el pr\u00f3ximo 29 de mayo, en Centro de Convenciones Gala (Resistencia, Chaco, Argentina).<\/p>\n<p>La misi\u00f3n comercial, encabezada por el presidente de COMEXCHACO, Matias Brugnoli; el secretario general de FECHACO, Pablo Staszewski; y el titular de CCRES, Walter Bistman, se desarroll\u00f3 en dos jornadas en distintos organismos de la ciudad de Asunci\u00f3n.<\/p>\n<p>En primera instancia, concurrieron a la Uni\u00f3n Industrial de Paraguay, en donde fueron recibidos por el Gerente General Carlos Machuca y el Responsable de Internacionalizaci\u00f3n Empresaria Mart\u00edn Ruiz, quienes colaborar\u00e1n en acciones para impulsar el comercio internacional entre pymes de ambos pa\u00edses.<\/p>\n<p> Luego, los empresarios chaque\u00f1os fueron recibidos por el Ministro Fernando Vallina Padr\u00f3 y la Secretaria Sabrina Cordero en la Embajada de Paraguay en Argentina, en donde se han puesto a disposici\u00f3n para dicho evento y de colaboradores estrat\u00e9gicos para potenciar el v\u00ednculo comercial entre ambas naciones.<\/p>\n<p> Adem\u00e1s, estuvieron presentes en REDIEX (perteneciente al Ministerio de Industria y Comercio &#8211; MIC-), en donde mantuvieron una reuni\u00f3n con la directora de Apoyo a las Exportaciones, Vania Ortega, y el jefe de Gabinete Javier Viveros, con quienes sellaron compromiso de misiones y desarrollos comerciales que permitan la incorporaci\u00f3n de productos paraguayos en el Norte Grande argentino. Seguidamente, se reunieron con el Director General de Comercio Exterior del Ministerio de Relaciones Exteriores de Paraguay, Blas Felip y Fernando L\u00f3pez Closs.<\/p>\n<p> Al finalizar, se reunieron con el Director de la C\u00e1mara de Importadores de Paraguay, Hugo Roig, quien confirm\u00f3 la participaci\u00f3n de sus asociados al evento RN y avanzaron en una agenda de trabajo para la inserci\u00f3n de productos argentinos en el pa\u00eds vecino.<\/p>\n<p> Desde la comitiva empresaria agradecieron la predisposici\u00f3n de las autoridades paraguayas en pos de afianzar la relaci\u00f3n bilateral con el sector privado del Norte Grande argentino.<\/p><\/div>\n","protected":false},"excerpt":{"rendered":"<p>Una comitiva de dirigentes de la Federaci\u00f3n Econ\u00f3mica del Chaco (FECHACO), C\u00e1mara de Comercio Exterior del Chaco (COMEXCHACO) y C\u00e1mara de Comercio de Resistencia (CCRES) mantuvieron distintas reuniones en Paraguay, en el marco de la organizaci\u00f3n que llevan adelante por la Ronda de Negocios Edici\u00f3n &#8220;Norte Grande + Paraguay&#8221;, que tendr\u00e1 lugar el pr\u00f3ximo 29 [&hellip;]<\/p>\n","protected":false},"author":1,"featured_media":33755,"comment_status":"closed","ping_status":"closed","sticky":false,"template":"","format":"standard","meta":{"footnotes":""},"categories":[6],"tags":[],"class_list":{"0":"post-33754","1":"post","2":"type-post","3":"status-publish","4":"format-standard","5":"has-post-thumbnail","7":"category-chaco"},"_links":{"self":[{"href":"https:\/\/chacosintesis.com.ar\/index.php\/wp-json\/wp\/v2\/posts\/33754","targetHints":{"allow":["GET"]}}],"collection":[{"href":"https:\/\/chacosintesis.com.ar\/index.php\/wp-json\/wp\/v2\/posts"}],"about":[{"href":"https:\/\/chacosintesis.com.ar\/index.php\/wp-json\/wp\/v2\/types\/post"}],"author":[{"embeddable":true,"href":"https:\/\/chacosintesis.com.ar\/index.php\/wp-json\/wp\/v2\/users\/1"}],"replies":[{"embeddable":true,"href":"https:\/\/chacosintesis.com.ar\/index.php\/wp-json\/wp\/v2\/comments?post=33754"}],"version-history":[{"count":0,"href":"https:\/\/chacosintesis.com.ar\/index.php\/wp-json\/wp\/v2\/posts\/33754\/revisions"}],"wp:featuredmedia":[{"embeddable":true,"href":"https:\/\/chacosintesis.com.ar\/index.php\/wp-json\/wp\/v2\/media\/33755"}],"wp:attachment":[{"href":"https:\/\/chacosintesis.com.ar\/index.php\/wp-json\/wp\/v2\/media?parent=33754"}],"wp:term":[{"taxonomy":"category","embeddable":true,"href":"https:\/\/chacosintesis.com.ar\/index.php\/wp-json\/wp\/v2\/categories?post=33754"},{"taxonomy":"post_tag","embeddable":true,"href":"https:\/\/chacosintesis.com.ar\/index.php\/wp-json\/wp\/v2\/tags?post=33754"}],"curies":[{"name":"wp","href":"https:\/\/api.w.org\/{rel}","templated":true}]}}