{"id":33737,"date":"2024-05-18T10:18:05","date_gmt":"2024-05-18T13:18:05","guid":{"rendered":"https:\/\/chacosintesis.com.ar\/?p=33737"},"modified":"2024-05-18T10:22:24","modified_gmt":"2024-05-18T13:22:24","slug":"el-intendente-bruno-cipolini-inauguro-la-plazoleta-presidente-raul-alfonsin","status":"publish","type":"post","link":"https:\/\/chacosintesis.com.ar\/index.php\/el-intendente-bruno-cipolini-inauguro-la-plazoleta-presidente-raul-alfonsin\/","title":{"rendered":"El intendente Bruno Cipolini inaugur\u00f3 la plazoleta \u201cPresidente Ra\u00fal Alfons\u00edn\u201d"},"content":{"rendered":"<div class=\"postie-post\">\u201cEs un honor para m\u00ed rendir, en representaci\u00f3n del gobierno local, este peque\u00f1o homenaje a un gran hombre, donde este espacio recuperado por el municipio se suma en t\u00e9rminos m\u00e1s terrenales y locales a la apuesta de nuestra gesti\u00f3n por seguir fortaleciendo la relaci\u00f3n del vecino saenzpe\u00f1ense con el espacio p\u00fablico\u201d, remarc\u00f3 el intendente Bruno Cipolini.<br \/>\nAcompa\u00f1ado por el gobernador Leandro Zdero, el diputado Nacional Gerardo Cipolini; el Exgobernador \u00c1ngel Rozas; el ex ministro del Interior Enrique Coti Nosiglia; el diputado Carim Peche; la presidente del Concejo Deliberante Nora Gauna; intendentes de localidades vecinas, funcionarios provinciales y municipales y vecinos de la ciudad; el intendente Bruno Cipolini, dej\u00f3 inaugurada la plazoleta \u201cpresidente Ra\u00fal Alfons\u00edn\u201d, espacio p\u00fablico recuperado que se encuentra en la calle 14 \u2013 esquina 21 del centro.<\/p>\n<p>En la oportunidad el Intendente hizo menci\u00f3n al expresidente homenajeado. \u201cHe naturalizado las libertades que nos ha tocado gozar, las libertades individuales, las p\u00fablicas, las colectivas, donde las hemos disfrutado muchas veces sin detenernos a pensar en aquellos hombres y mujeres a quienes les debemos la democracia y su arquitecto principal, el presidente Ra\u00fal Ricardo Alfons\u00edn\u201d.<br \/>\n <img decoding=\"async\" src=\"data:image\/gif;base64,R0lGODlhAQABAIAAAAAAAP\/\/\/ywAAAAAAQABAAACAUwAOw==\" fifu-lazy=\"1\" fifu-data-sizes=\"auto\" fifu-data-srcset=\"https:\/\/i1.wp.com\/chacosintesis.com.ar\/wp-content\/uploads\/2024\/05\/Imagen-de-WhatsApp-2024-05-17-a-las-22.03.51_8745673f-800x533.jpg?ssl=1&w=75&resize=75&ssl=1 75w, https:\/\/i1.wp.com\/chacosintesis.com.ar\/wp-content\/uploads\/2024\/05\/Imagen-de-WhatsApp-2024-05-17-a-las-22.03.51_8745673f-800x533.jpg?ssl=1&w=100&resize=100&ssl=1 100w, https:\/\/i1.wp.com\/chacosintesis.com.ar\/wp-content\/uploads\/2024\/05\/Imagen-de-WhatsApp-2024-05-17-a-las-22.03.51_8745673f-800x533.jpg?ssl=1&w=150&resize=150&ssl=1 150w, https:\/\/i1.wp.com\/chacosintesis.com.ar\/wp-content\/uploads\/2024\/05\/Imagen-de-WhatsApp-2024-05-17-a-las-22.03.51_8745673f-800x533.jpg?ssl=1&w=240&resize=240&ssl=1 240w, https:\/\/i1.wp.com\/chacosintesis.com.ar\/wp-content\/uploads\/2024\/05\/Imagen-de-WhatsApp-2024-05-17-a-las-22.03.51_8745673f-800x533.jpg?ssl=1&w=320&resize=320&ssl=1 320w, https:\/\/i1.wp.com\/chacosintesis.com.ar\/wp-content\/uploads\/2024\/05\/Imagen-de-WhatsApp-2024-05-17-a-las-22.03.51_8745673f-800x533.jpg?ssl=1&w=500&resize=500&ssl=1 500w, https:\/\/i1.wp.com\/chacosintesis.com.ar\/wp-content\/uploads\/2024\/05\/Imagen-de-WhatsApp-2024-05-17-a-las-22.03.51_8745673f-800x533.jpg?ssl=1&w=640&resize=640&ssl=1 640w, https:\/\/i1.wp.com\/chacosintesis.com.ar\/wp-content\/uploads\/2024\/05\/Imagen-de-WhatsApp-2024-05-17-a-las-22.03.51_8745673f-800x533.jpg?ssl=1&w=800&resize=800&ssl=1 800w, https:\/\/i1.wp.com\/chacosintesis.com.ar\/wp-content\/uploads\/2024\/05\/Imagen-de-WhatsApp-2024-05-17-a-las-22.03.51_8745673f-800x533.jpg?ssl=1&w=1024&resize=1024&ssl=1 1024w, https:\/\/i1.wp.com\/chacosintesis.com.ar\/wp-content\/uploads\/2024\/05\/Imagen-de-WhatsApp-2024-05-17-a-las-22.03.51_8745673f-800x533.jpg?ssl=1&w=1280&resize=1280&ssl=1 1280w, https:\/\/i1.wp.com\/chacosintesis.com.ar\/wp-content\/uploads\/2024\/05\/Imagen-de-WhatsApp-2024-05-17-a-las-22.03.51_8745673f-800x533.jpg?ssl=1&w=1600&resize=1600&ssl=1 1600w\" fifu-data-src=\"https:\/\/i1.wp.com\/chacosintesis.com.ar\/wp-content\/uploads\/2024\/05\/Imagen-de-WhatsApp-2024-05-17-a-las-22.03.51_8745673f-800x533.jpg?ssl=1\" alt=\"\" width=\"800px\" height=\"533px\" class=\"alignnone size-medium wp-image-33739\" \/><\/p>\n<p> Este nuevo espacio verde, que est\u00e1 ubicado en la calle 14, esquina 21, en la zona centro de la ciudad termal, cuenta con veredas, juegos para ni\u00f1os, p\u00e9rgolas, mobiliario urbano luces LEDS y tambi\u00e9n, dispone de un anfiteatro. Adem\u00e1s, esta plazoleta cuenta con un mural con el retrato del expresidente Ra\u00fal Alfons\u00edn, realizado por el artista Rub\u00e9n Dar\u00edo Marcoff. Cabe se\u00f1alar que este espacio fue recuperado para toda la comunidad ya que el lugar hab\u00eda quedado abandonado y hoy ser\u00e1 un nuevo espacio de recreaci\u00f3n y esparcimiento.<br \/>\nEsta nueva obra se suma a otra de las que se inauguraron durante el ejercicio 2023- 2024 hasta el momento, tales como la remodelada Plaza San Mart\u00edn, el Parque Lineal en tierra del ferrocarril, ex ferrocarril, los paseos de las avenidas y a pocos d\u00edas de dar inicio a la remodelaci\u00f3n completa de la Plaza del Ensanche, con un grado de avance significativo en espacios no tan conocidos como la plazoleta del barrio Santa M\u00f3nica, del barrio Mitre, del barrio MTD y barrio Loma Linda.<\/p>\n<p> \u201cLa Municipalidad de S\u00e1enz Pe\u00f1a realiza este homenaje al padre de la democracia recuperada en Argentina, instando a valorar y defender su legado y a imitar su entereza y desprendimiento a la hora de priorizar los objetivos trazados por el bien com\u00fan por sobre cualquier suceso individual de corto plazo. Muchas veces escuchamos que los pol\u00edticos no cumplen con sus promesas. El presidente Alfons\u00edn nos prometi\u00f3 cien a\u00f1os de libertad y democracia y ya nos cumpli\u00f3 hasta aqu\u00ed, largamente, con los primeros cuarenta\u201d, finaliz\u00f3 el intendente.<\/p><\/div>\n","protected":false},"excerpt":{"rendered":"<p>\u201cEs un honor para m\u00ed rendir, en representaci\u00f3n del gobierno local, este peque\u00f1o homenaje a un gran hombre, donde este espacio recuperado por el municipio se suma en t\u00e9rminos m\u00e1s terrenales y locales a la apuesta de nuestra gesti\u00f3n por seguir fortaleciendo la relaci\u00f3n del vecino saenzpe\u00f1ense con el espacio p\u00fablico\u201d, remarc\u00f3 el intendente Bruno [&hellip;]<\/p>\n","protected":false},"author":1,"featured_media":33738,"comment_status":"closed","ping_status":"closed","sticky":false,"template":"","format":"standard","meta":{"footnotes":""},"categories":[6],"tags":[],"class_list":{"0":"post-33737","1":"post","2":"type-post","3":"status-publish","4":"format-standard","5":"has-post-thumbnail","7":"category-chaco"},"_links":{"self":[{"href":"https:\/\/chacosintesis.com.ar\/index.php\/wp-json\/wp\/v2\/posts\/33737","targetHints":{"allow":["GET"]}}],"collection":[{"href":"https:\/\/chacosintesis.com.ar\/index.php\/wp-json\/wp\/v2\/posts"}],"about":[{"href":"https:\/\/chacosintesis.com.ar\/index.php\/wp-json\/wp\/v2\/types\/post"}],"author":[{"embeddable":true,"href":"https:\/\/chacosintesis.com.ar\/index.php\/wp-json\/wp\/v2\/users\/1"}],"replies":[{"embeddable":true,"href":"https:\/\/chacosintesis.com.ar\/index.php\/wp-json\/wp\/v2\/comments?post=33737"}],"version-history":[{"count":0,"href":"https:\/\/chacosintesis.com.ar\/index.php\/wp-json\/wp\/v2\/posts\/33737\/revisions"}],"wp:featuredmedia":[{"embeddable":true,"href":"https:\/\/chacosintesis.com.ar\/index.php\/wp-json\/wp\/v2\/media\/33738"}],"wp:attachment":[{"href":"https:\/\/chacosintesis.com.ar\/index.php\/wp-json\/wp\/v2\/media?parent=33737"}],"wp:term":[{"taxonomy":"category","embeddable":true,"href":"https:\/\/chacosintesis.com.ar\/index.php\/wp-json\/wp\/v2\/categories?post=33737"},{"taxonomy":"post_tag","embeddable":true,"href":"https:\/\/chacosintesis.com.ar\/index.php\/wp-json\/wp\/v2\/tags?post=33737"}],"curies":[{"name":"wp","href":"https:\/\/api.w.org\/{rel}","templated":true}]}}