{"id":33729,"date":"2024-05-17T20:09:29","date_gmt":"2024-05-17T23:09:29","guid":{"rendered":"https:\/\/chacosintesis.com.ar\/?p=33729"},"modified":"2024-05-17T20:15:04","modified_gmt":"2024-05-17T23:15:04","slug":"peche-el-pacto-de-mayo-debe-incluir-politicas-diferenciales-para-el-norte-argentino","status":"publish","type":"post","link":"https:\/\/chacosintesis.com.ar\/index.php\/peche-el-pacto-de-mayo-debe-incluir-politicas-diferenciales-para-el-norte-argentino\/","title":{"rendered":"Peche: \u201cEl pacto de Mayo debe incluir politicas diferenciales para el norte argentino\u201d"},"content":{"rendered":"<div class=\"postie-post\">El dos veces intendente de Presidencia Roque S\u00e1enz Pe\u00f1a y diputado provincial de la UCR, Carim Peche, expres\u00f3 su profunda preocupaci\u00f3n por los desmesurados aumentos en las facturas de energ\u00eda el\u00e9ctrica y su efecto en el sector comercial como as\u00ed tambi\u00e9n en los hogares de las familias trabajadoras.<br \/>\nAl respecto se\u00f1al\u00f3 \u201cSi bien sabemos que el aumento que se est\u00e1 aplicando en las facturas de Secheep est\u00e1 directamente vinculado con la decisi\u00f3n del gobierno nacional de triplicar el costo de la energ\u00eda mayorista y efectuar cambios en la pol\u00edtica de subsidios,  no podemos dejar de ser coherentes con lo que venimos pidiendo desde hace a\u00f1os, pol\u00edticas diferenciales parta el norte argentino, entre ellas energ\u00e9ticas, tal como ocurre en la zona sur del pa\u00eds con beneficiosos subsidios al gas, el combustible y la energ\u00eda\u201d<br \/>\nPeche remarc\u00f3 \u201cLas familias tienen que elegir entre comer o pagar la luz, el impacto en los comercios, industrias, Pymes y peque\u00f1os emprendimientos es muy fuerte, muchos de ellos ya han adelantado que deber\u00e1n cerrar sus puertas cuando el \u00fanico camino para sacar al pa\u00eds de la crisis econ\u00f3mica y social que ha dejado el kirchnerismo con un 60% de pobres y la inflaci\u00f3n m\u00e1s alta dada en el per\u00edodo 2019-2023 del 1020% seg\u00fan datos del INDEC, es con m\u00e1s trabajo, mas producci\u00f3n\u201d<br \/>\n\u201cEl Pacto de Mayo debe incluir pol\u00edticas diferenciales para las provincias del norte argentino, donde los ingresos per c\u00e1pita son los m\u00e1s bajos del pa\u00eds, precisamente en la parte inferior del r\u00e1nking figura la provincia de Chaco con $58.294 seg\u00fan datos del tercer trimestre 2023 provistos por la Encuesta Permanente de Hogares frente a $210.376 en la Ciudad de Buenos Aires, existe una brecha del 260% entre ambas jurisdicciones\u201d<br \/>\nY concluy\u00f3 diciendo \u201cPara que haya mejores salarios debe haber mayor producci\u00f3n, m\u00e1s trabajo, la profundizaci\u00f3n de las asimetr\u00edas van en sentido contrario a ese objetivo y deben ser corregidas en forma urgente, Chaco no es una provincia pobre, ha sido empobrecida a lo largo de los a\u00f1os, tenemos valios\u00edsimos recursos naturales y humanos, es el Estado nacional quien debe garantizar igualdad de condiciones para el crecimiento y el desarrollo, creo que el Pacto de Mayo es una excelente oportunidad que tendr\u00e1n los gobiernos de la regi\u00f3n para dejar plasmada esta necesidad\u201d.<\/div>\n","protected":false},"excerpt":{"rendered":"<p>El dos veces intendente de Presidencia Roque S\u00e1enz Pe\u00f1a y diputado provincial de la UCR, Carim Peche, expres\u00f3 su profunda preocupaci\u00f3n por los desmesurados aumentos en las facturas de energ\u00eda el\u00e9ctrica y su efecto en el sector comercial como as\u00ed tambi\u00e9n en los hogares de las familias trabajadoras. Al respecto se\u00f1al\u00f3 \u201cSi bien sabemos que [&hellip;]<\/p>\n","protected":false},"author":1,"featured_media":33730,"comment_status":"closed","ping_status":"closed","sticky":false,"template":"","format":"standard","meta":{"footnotes":""},"categories":[6],"tags":[],"class_list":{"0":"post-33729","1":"post","2":"type-post","3":"status-publish","4":"format-standard","5":"has-post-thumbnail","7":"category-chaco"},"_links":{"self":[{"href":"https:\/\/chacosintesis.com.ar\/index.php\/wp-json\/wp\/v2\/posts\/33729","targetHints":{"allow":["GET"]}}],"collection":[{"href":"https:\/\/chacosintesis.com.ar\/index.php\/wp-json\/wp\/v2\/posts"}],"about":[{"href":"https:\/\/chacosintesis.com.ar\/index.php\/wp-json\/wp\/v2\/types\/post"}],"author":[{"embeddable":true,"href":"https:\/\/chacosintesis.com.ar\/index.php\/wp-json\/wp\/v2\/users\/1"}],"replies":[{"embeddable":true,"href":"https:\/\/chacosintesis.com.ar\/index.php\/wp-json\/wp\/v2\/comments?post=33729"}],"version-history":[{"count":0,"href":"https:\/\/chacosintesis.com.ar\/index.php\/wp-json\/wp\/v2\/posts\/33729\/revisions"}],"wp:featuredmedia":[{"embeddable":true,"href":"https:\/\/chacosintesis.com.ar\/index.php\/wp-json\/wp\/v2\/media\/33730"}],"wp:attachment":[{"href":"https:\/\/chacosintesis.com.ar\/index.php\/wp-json\/wp\/v2\/media?parent=33729"}],"wp:term":[{"taxonomy":"category","embeddable":true,"href":"https:\/\/chacosintesis.com.ar\/index.php\/wp-json\/wp\/v2\/categories?post=33729"},{"taxonomy":"post_tag","embeddable":true,"href":"https:\/\/chacosintesis.com.ar\/index.php\/wp-json\/wp\/v2\/tags?post=33729"}],"curies":[{"name":"wp","href":"https:\/\/api.w.org\/{rel}","templated":true}]}}