{"id":33715,"date":"2024-05-17T08:47:58","date_gmt":"2024-05-17T11:47:58","guid":{"rendered":"https:\/\/chacosintesis.com.ar\/?p=33715"},"modified":"2024-05-17T08:52:49","modified_gmt":"2024-05-17T11:52:49","slug":"este-domingo-se-realizara-la-maraton-112-aniversario-de-saenz-pena","status":"publish","type":"post","link":"https:\/\/chacosintesis.com.ar\/index.php\/este-domingo-se-realizara-la-maraton-112-aniversario-de-saenz-pena\/","title":{"rendered":"Este domingo se realizar\u00e1 la Marat\u00f3n 112\u00b0 aniversario de S\u00e1enz Pe\u00f1a"},"content":{"rendered":"<div class=\"postie-post\">La Marat\u00f3n tendr\u00e1 tres categor\u00edas libre, kids e inclusiva.  Las inscripciones se realizar\u00e1n el mismo d\u00eda de la competencia desde la 13 horas o a trav\u00e9s del formulario <a href=\"https:\/\/pedalea.com.ar\/inscriptos_registrar.php?id=164.7qfjfq\">pedalea.com.ar\/inscriptos_registrar.php?id=164.7qfjfq<\/a>. Los participantes deber\u00e1n presentar fotocopia de DNI.<\/p>\n<p>La competencia tendr\u00e1 como punto de partida la plaza San Mart\u00edn, comenzar\u00e1 a las 15 con el recorrido de 5 km, a las 15.10 largar\u00e1 la marat\u00f3n kids, a las 17 iniciar\u00e1n la de 10 km y la inclusiva respectivamente. Habr\u00e1 tres postas de hidrataci\u00f3n la primera en Avenida 33 y 12, en el Polideportivo Municipal (28 y 25) la segunda y la \u00faltima en avenida 28 y calle 3.<\/p>\n<p>Antes de la premiaci\u00f3n, habr\u00e1 un master class de Zumba con el profesor Claudio Benitez, quien ser\u00e1 reconocido por sus 10 a\u00f1os de trabajo y ejercicio de la actividad en el Polideportivo municipal.<\/p><\/div>\n","protected":false},"excerpt":{"rendered":"<p>La Marat\u00f3n tendr\u00e1 tres categor\u00edas libre, kids e inclusiva. Las inscripciones se realizar\u00e1n el mismo d\u00eda de la competencia desde la 13 horas o a trav\u00e9s del formulario pedalea.com.ar\/inscriptos_registrar.php?id=164.7qfjfq. Los participantes deber\u00e1n presentar fotocopia de DNI. La competencia tendr\u00e1 como punto de partida la plaza San Mart\u00edn, comenzar\u00e1 a las 15 con el recorrido de [&hellip;]<\/p>\n","protected":false},"author":1,"featured_media":33716,"comment_status":"closed","ping_status":"closed","sticky":false,"template":"","format":"standard","meta":{"footnotes":""},"categories":[6],"tags":[],"class_list":{"0":"post-33715","1":"post","2":"type-post","3":"status-publish","4":"format-standard","5":"has-post-thumbnail","7":"category-chaco"},"_links":{"self":[{"href":"https:\/\/chacosintesis.com.ar\/index.php\/wp-json\/wp\/v2\/posts\/33715","targetHints":{"allow":["GET"]}}],"collection":[{"href":"https:\/\/chacosintesis.com.ar\/index.php\/wp-json\/wp\/v2\/posts"}],"about":[{"href":"https:\/\/chacosintesis.com.ar\/index.php\/wp-json\/wp\/v2\/types\/post"}],"author":[{"embeddable":true,"href":"https:\/\/chacosintesis.com.ar\/index.php\/wp-json\/wp\/v2\/users\/1"}],"replies":[{"embeddable":true,"href":"https:\/\/chacosintesis.com.ar\/index.php\/wp-json\/wp\/v2\/comments?post=33715"}],"version-history":[{"count":0,"href":"https:\/\/chacosintesis.com.ar\/index.php\/wp-json\/wp\/v2\/posts\/33715\/revisions"}],"wp:featuredmedia":[{"embeddable":true,"href":"https:\/\/chacosintesis.com.ar\/index.php\/wp-json\/wp\/v2\/media\/33716"}],"wp:attachment":[{"href":"https:\/\/chacosintesis.com.ar\/index.php\/wp-json\/wp\/v2\/media?parent=33715"}],"wp:term":[{"taxonomy":"category","embeddable":true,"href":"https:\/\/chacosintesis.com.ar\/index.php\/wp-json\/wp\/v2\/categories?post=33715"},{"taxonomy":"post_tag","embeddable":true,"href":"https:\/\/chacosintesis.com.ar\/index.php\/wp-json\/wp\/v2\/tags?post=33715"}],"curies":[{"name":"wp","href":"https:\/\/api.w.org\/{rel}","templated":true}]}}