{"id":33701,"date":"2024-05-17T08:06:52","date_gmt":"2024-05-17T11:06:52","guid":{"rendered":"https:\/\/chacosintesis.com.ar\/?p=33701"},"modified":"2024-05-17T08:15:31","modified_gmt":"2024-05-17T11:15:31","slug":"saenz-pena-se-realizo-una-jornada-tecnica-sobre-el-cultivo-de-mandioca","status":"publish","type":"post","link":"https:\/\/chacosintesis.com.ar\/index.php\/saenz-pena-se-realizo-una-jornada-tecnica-sobre-el-cultivo-de-mandioca\/","title":{"rendered":"S\u00e1enz Pe\u00f1a: Se realiz\u00f3 una jornada t\u00e9cnica sobre el cultivo de mandioca"},"content":{"rendered":"<div class=\"postie-post\">En el marco del Programa de Desarrollo Local, en la ma\u00f1ana del martes se llev\u00f3 a cabo una jornada t\u00e9cnica sobre el cultivo de mandioca, la misma tuvo dos etapas, una te\u00f3rica que se desarroll\u00f3 en el Centro Cultural Municipal y la parte pr\u00e1ctica que tuvo lugar en la zona rural.<br \/>\n Durante la jornada se abord\u00f3 la tem\u00e1tica de introducci\u00f3n al cultivo de mandioca,  experiencia de comportamiento zonal de diferentes clones, plantaci\u00f3n y manejo del cultivo, almacenamiento, selecci\u00f3n y manejo de ramas y semillas. La disertaci\u00f3n estuvo a cargo del ingeniero Juan Tannfeld  y Mart\u00edn Dominguez.<br \/>\n El Intendente destac\u00f3 la participaci\u00f3n de los productores y agradeci\u00f3 al INTA por la predisposici\u00f3n de trabajar de forma conjunta con el municipio para seguir apostando a la producci\u00f3n en la zona.<br \/>\n En la oportunidad se cont\u00f3 con la presencia del intendente Bruno Cipolini, el secretario de Desarrollo Local, Oscar Dudik, la subsecretaria de Producci\u00f3n Primaria Florencia Madzarevich, la ingeniera Mariela Fogar y t\u00e9cnicos del INTA S\u00e1enz Pe\u00f1a.<\/div>\n","protected":false},"excerpt":{"rendered":"<p>En el marco del Programa de Desarrollo Local, en la ma\u00f1ana del martes se llev\u00f3 a cabo una jornada t\u00e9cnica sobre el cultivo de mandioca, la misma tuvo dos etapas, una te\u00f3rica que se desarroll\u00f3 en el Centro Cultural Municipal y la parte pr\u00e1ctica que tuvo lugar en la zona rural. Durante la jornada se [&hellip;]<\/p>\n","protected":false},"author":1,"featured_media":33702,"comment_status":"closed","ping_status":"closed","sticky":false,"template":"","format":"standard","meta":{"footnotes":""},"categories":[6],"tags":[],"class_list":{"0":"post-33701","1":"post","2":"type-post","3":"status-publish","4":"format-standard","5":"has-post-thumbnail","7":"category-chaco"},"_links":{"self":[{"href":"https:\/\/chacosintesis.com.ar\/index.php\/wp-json\/wp\/v2\/posts\/33701","targetHints":{"allow":["GET"]}}],"collection":[{"href":"https:\/\/chacosintesis.com.ar\/index.php\/wp-json\/wp\/v2\/posts"}],"about":[{"href":"https:\/\/chacosintesis.com.ar\/index.php\/wp-json\/wp\/v2\/types\/post"}],"author":[{"embeddable":true,"href":"https:\/\/chacosintesis.com.ar\/index.php\/wp-json\/wp\/v2\/users\/1"}],"replies":[{"embeddable":true,"href":"https:\/\/chacosintesis.com.ar\/index.php\/wp-json\/wp\/v2\/comments?post=33701"}],"version-history":[{"count":0,"href":"https:\/\/chacosintesis.com.ar\/index.php\/wp-json\/wp\/v2\/posts\/33701\/revisions"}],"wp:featuredmedia":[{"embeddable":true,"href":"https:\/\/chacosintesis.com.ar\/index.php\/wp-json\/wp\/v2\/media\/33702"}],"wp:attachment":[{"href":"https:\/\/chacosintesis.com.ar\/index.php\/wp-json\/wp\/v2\/media?parent=33701"}],"wp:term":[{"taxonomy":"category","embeddable":true,"href":"https:\/\/chacosintesis.com.ar\/index.php\/wp-json\/wp\/v2\/categories?post=33701"},{"taxonomy":"post_tag","embeddable":true,"href":"https:\/\/chacosintesis.com.ar\/index.php\/wp-json\/wp\/v2\/tags?post=33701"}],"curies":[{"name":"wp","href":"https:\/\/api.w.org\/{rel}","templated":true}]}}