{"id":33670,"date":"2024-05-16T08:14:08","date_gmt":"2024-05-16T11:14:08","guid":{"rendered":"http:\/\/chacosintesis.com.ar\/?p=33670"},"modified":"2024-05-16T08:17:25","modified_gmt":"2024-05-16T11:17:25","slug":"el-gobernador-zdero-acompano-acto-central-por-el-103-aniversario-de-napenay","status":"publish","type":"post","link":"https:\/\/chacosintesis.com.ar\/index.php\/el-gobernador-zdero-acompano-acto-central-por-el-103-aniversario-de-napenay\/","title":{"rendered":"El gobernador Zdero acompa\u00f1\u00f3 acto central por el 103\u00b0 aniversario de Napenay"},"content":{"rendered":"<div class=\"postie-post\">El gobernador Leandro Zdero acompa\u00f1\u00f3 este mi\u00e9rcoles, por la noche, el acto central por la celebraci\u00f3n del 103\u00b0 aniversario de Napenay. Junto al intendente local, Javier Ayala, el mandatario recorri\u00f3 y constat\u00f3 el avance de las obras ejecutadas en el Club Social y Deportivo Napenay, las 10 cuadras de ripio y tambi\u00e9n, entreg\u00f3 elementos deportivos para ni\u00f1os y adolescentes que practican actividades en la instituci\u00f3n.<\/p>\n<p> El mandatario celebr\u00f3 la posibilidad de acompa\u00f1ar con la comunidad estos 103 a\u00f1os de vida institucional de Napenay, \u201cque son de logros, esfuerzos de un pueblo con historia y esperanzas intactas y que han tenido la capacidad de superar dificultades\u201d, dijo. En esta l\u00ednea, ponder\u00f3 el impulso de la comunidad de Napenay para su desarrollo y crecimiento porque \u201ces importante que los pueblos pongan en valor su historia. Estamos haciendo el esfuerzo, con compromiso y administrando con responsabilidad y seriedad para tener una provincia ordenada frente a las dificultades y as\u00ed, acompa\u00f1ar a cada chaque\u00f1o\u201d, remarc\u00f3 Zdero, y haciendo referencia a las gestiones en materia de salud, seguridad, educaci\u00f3n, trabajo, agreg\u00f3: \u201cvamos encaminando a una provincia que tiene certidumbre hacia d\u00f3nde va, y eso significa tambi\u00e9n poder ordenar bien los recursos, administrarlos de manera transparente y eficiente, que hace mucho tiempo no se ve\u00eda en la provincia\u201d.<\/p>\n<p> Adem\u00e1s, durante el acto, el gobernador junto a los intendentes y a los funcionarios provinciales realizaron entrega de reconocimientos y distinciones a instituciones y organismos locales.<\/p>\n<p>Informaci\u00f3n sobre obras y entrega de elementos deportivos El Jefe del Ejecutivo constat\u00f3 los trabajos que se est\u00e1n ejecutando en el Club Deportivo Napenay, en el estadio; tejido perimetral, tribunas, techado de vestuarios; construcci\u00f3n de n\u00facleos sanitarios y colocaci\u00f3n de aberturas. Cabe se\u00f1alar que estas obras beneficiar\u00e1n en forma directa a m\u00e1s de 200 ni\u00f1os y j\u00f3venes que practican f\u00fatbol, v\u00f3ley y b\u00e1squet en la instituci\u00f3n deportiva. Por otra parte, se logr\u00f3 el enripiado de 10 cuadras de la localidad. Adem\u00e1s, a trav\u00e9s de Loter\u00eda Chaque\u00f1a, entregaron pelotas (f\u00fatbol, v\u00f3ley) y otros elementos deportivos.<\/p>\n<p>Participaron del acto el ministro de Infraestructura, Obras y Servicios P\u00fablicos, Hugo Dom\u00ednguez; la secretaria de Municipios, Gabriela Galarza; el subsecretario de Energ\u00eda y Servicios P\u00fablicos, Joaqu\u00edn Sabadini; el subsecretario de Proyecto y Planeamiento, Jorge Grisostolo; el presidente del Instituto del Deporte Chaque\u00f1o (IDCh), Fabio V\u00e1zquez; el presidente de Loter\u00eda Chaque\u00f1a, Lucas Apud Mas\u00edn y el vocal, Juan Chaussivert; el titular de la Direcci\u00f3n de Vialidad Provincial (DVP), Omar Canela; el diputado provincial y Carlos Salom.<\/p>\n<p><img decoding=\"async\" src=\"data:image\/gif;base64,R0lGODlhAQABAIAAAAAAAP\/\/\/ywAAAAAAQABAAACAUwAOw==\" fifu-lazy=\"1\" fifu-data-sizes=\"auto\" fifu-data-srcset=\"https:\/\/i3.wp.com\/chacosintesis.com.ar\/wp-content\/uploads\/2024\/05\/WhatsApp-Image-2024-05-15-at-21.31.42-800x534.jpeg?ssl=1&w=75&resize=75&ssl=1 75w, https:\/\/i3.wp.com\/chacosintesis.com.ar\/wp-content\/uploads\/2024\/05\/WhatsApp-Image-2024-05-15-at-21.31.42-800x534.jpeg?ssl=1&w=100&resize=100&ssl=1 100w, https:\/\/i3.wp.com\/chacosintesis.com.ar\/wp-content\/uploads\/2024\/05\/WhatsApp-Image-2024-05-15-at-21.31.42-800x534.jpeg?ssl=1&w=150&resize=150&ssl=1 150w, https:\/\/i3.wp.com\/chacosintesis.com.ar\/wp-content\/uploads\/2024\/05\/WhatsApp-Image-2024-05-15-at-21.31.42-800x534.jpeg?ssl=1&w=240&resize=240&ssl=1 240w, https:\/\/i3.wp.com\/chacosintesis.com.ar\/wp-content\/uploads\/2024\/05\/WhatsApp-Image-2024-05-15-at-21.31.42-800x534.jpeg?ssl=1&w=320&resize=320&ssl=1 320w, https:\/\/i3.wp.com\/chacosintesis.com.ar\/wp-content\/uploads\/2024\/05\/WhatsApp-Image-2024-05-15-at-21.31.42-800x534.jpeg?ssl=1&w=500&resize=500&ssl=1 500w, https:\/\/i3.wp.com\/chacosintesis.com.ar\/wp-content\/uploads\/2024\/05\/WhatsApp-Image-2024-05-15-at-21.31.42-800x534.jpeg?ssl=1&w=640&resize=640&ssl=1 640w, https:\/\/i3.wp.com\/chacosintesis.com.ar\/wp-content\/uploads\/2024\/05\/WhatsApp-Image-2024-05-15-at-21.31.42-800x534.jpeg?ssl=1&w=800&resize=800&ssl=1 800w, https:\/\/i3.wp.com\/chacosintesis.com.ar\/wp-content\/uploads\/2024\/05\/WhatsApp-Image-2024-05-15-at-21.31.42-800x534.jpeg?ssl=1&w=1024&resize=1024&ssl=1 1024w, https:\/\/i3.wp.com\/chacosintesis.com.ar\/wp-content\/uploads\/2024\/05\/WhatsApp-Image-2024-05-15-at-21.31.42-800x534.jpeg?ssl=1&w=1280&resize=1280&ssl=1 1280w, https:\/\/i3.wp.com\/chacosintesis.com.ar\/wp-content\/uploads\/2024\/05\/WhatsApp-Image-2024-05-15-at-21.31.42-800x534.jpeg?ssl=1&w=1600&resize=1600&ssl=1 1600w\" fifu-data-src=\"https:\/\/i3.wp.com\/chacosintesis.com.ar\/wp-content\/uploads\/2024\/05\/WhatsApp-Image-2024-05-15-at-21.31.42-800x534.jpeg?ssl=1\" alt=\"\" width=\"800px\" height=\"534px\" class=\"alignnone size-medium wp-image-33672\" \/><\/p>\n<p>Por \u00faltimo, el presidente del IDCH, Fabio V\u00e1zquez celebr\u00f3 la invitaci\u00f3n a participar del 103 aniversario de la localidad y constatar los avances en el club local: \u201cEs muy importante para nosotros seguir apoyando al deporte\u201d expres\u00f3 el funcionario, ratificando el objetivo de \u201cestar a lo largo y a lo ancho de la provincia acompa\u00f1ando al deporte, a las instituciones deportivas y a los municipios\u201d.<\/p><\/div>\n","protected":false},"excerpt":{"rendered":"<p>El gobernador Leandro Zdero acompa\u00f1\u00f3 este mi\u00e9rcoles, por la noche, el acto central por la celebraci\u00f3n del 103\u00b0 aniversario de Napenay. Junto al intendente local, Javier Ayala, el mandatario recorri\u00f3 y constat\u00f3 el avance de las obras ejecutadas en el Club Social y Deportivo Napenay, las 10 cuadras de ripio y tambi\u00e9n, entreg\u00f3 elementos deportivos [&hellip;]<\/p>\n","protected":false},"author":1,"featured_media":33671,"comment_status":"closed","ping_status":"closed","sticky":false,"template":"","format":"standard","meta":{"footnotes":""},"categories":[6],"tags":[],"class_list":{"0":"post-33670","1":"post","2":"type-post","3":"status-publish","4":"format-standard","5":"has-post-thumbnail","7":"category-chaco"},"_links":{"self":[{"href":"https:\/\/chacosintesis.com.ar\/index.php\/wp-json\/wp\/v2\/posts\/33670","targetHints":{"allow":["GET"]}}],"collection":[{"href":"https:\/\/chacosintesis.com.ar\/index.php\/wp-json\/wp\/v2\/posts"}],"about":[{"href":"https:\/\/chacosintesis.com.ar\/index.php\/wp-json\/wp\/v2\/types\/post"}],"author":[{"embeddable":true,"href":"https:\/\/chacosintesis.com.ar\/index.php\/wp-json\/wp\/v2\/users\/1"}],"replies":[{"embeddable":true,"href":"https:\/\/chacosintesis.com.ar\/index.php\/wp-json\/wp\/v2\/comments?post=33670"}],"version-history":[{"count":0,"href":"https:\/\/chacosintesis.com.ar\/index.php\/wp-json\/wp\/v2\/posts\/33670\/revisions"}],"wp:featuredmedia":[{"embeddable":true,"href":"https:\/\/chacosintesis.com.ar\/index.php\/wp-json\/wp\/v2\/media\/33671"}],"wp:attachment":[{"href":"https:\/\/chacosintesis.com.ar\/index.php\/wp-json\/wp\/v2\/media?parent=33670"}],"wp:term":[{"taxonomy":"category","embeddable":true,"href":"https:\/\/chacosintesis.com.ar\/index.php\/wp-json\/wp\/v2\/categories?post=33670"},{"taxonomy":"post_tag","embeddable":true,"href":"https:\/\/chacosintesis.com.ar\/index.php\/wp-json\/wp\/v2\/tags?post=33670"}],"curies":[{"name":"wp","href":"https:\/\/api.w.org\/{rel}","templated":true}]}}