{"id":33634,"date":"2024-05-14T12:30:39","date_gmt":"2024-05-14T15:30:39","guid":{"rendered":"http:\/\/chacosintesis.com.ar\/?p=33634"},"modified":"2024-05-14T12:32:25","modified_gmt":"2024-05-14T15:32:25","slug":"se-presento-el-7-encuentro-nacional-de-dirigentes-de-colectividades-que-se-realizara-en-saenz-pena","status":"publish","type":"post","link":"https:\/\/chacosintesis.com.ar\/index.php\/se-presento-el-7-encuentro-nacional-de-dirigentes-de-colectividades-que-se-realizara-en-saenz-pena\/","title":{"rendered":"Se present\u00f3 el &#8220;7\u00b0 Encuentro Nacional de Dirigentes de Colectividades&#8221; que se realizar\u00e1 en S\u00e1enz Pe\u00f1a"},"content":{"rendered":"<div class=\"postie-post\">El mismo se realizar\u00e1 los d\u00edas 9, 10 y 11 de agosto en el Centro Cultural Municipal y convocar\u00e1 a funcionarios, referentes, embajadores y dirigentes de distintos puntos del pa\u00eds.<\/p>\n<p> En conferencia de prensa, que cont\u00f3 con la presencia del intendente Bruno Cipolini junto al presidente de la Confederaci\u00f3n de Colectividades Extranjeras, Jos\u00e9 Gareis; el presidente de Federaci\u00f3n de Colectividades Roberto Bubenik; el secretario de Relaciones Institucionales, Eduardo Molina y dem\u00e1s autoridades, se present\u00f3 lo que ser\u00e1 el &#8220;7\u00b0 Encuentro Nacional de Dirigentes de Colectividades&#8221;, a realizarse el pr\u00f3ximo 9, 10 y 11 de agosto en el Centro Cultural Municipal, a desarrollarse en la ciudad de S\u00e1enz Pe\u00f1a.<\/p>\n<p> &#8220;Para nosotros como gesti\u00f3n, poder acompa\u00f1ar y ser miembros de la organizaci\u00f3n de estos acontecimientos, es un orgullo y honor; esperamos ser dignos anfitriones. Es un escal\u00f3n m\u00e1s, el de reconocer a nuestros pioneros y colectividades que mantienen vivas y sus costumbres; los aportes a la identidad como pa\u00eds y ciudad es algo que tenemos que reconocer. Tratamos d\u00eda a d\u00eda en fortalecer y mantener las tradiciones a lo largo del tiempo, buscando en estos tipos de eventos generar un \u00e1mbito de encuentro y que sea un orgullo para los saenzpe\u00f1enses&#8221;, dijo el Intendente.<\/p>\n<p> Los encuentros anteriores se realizaron en  Paran\u00e1, Santa Fe, Mar del Plata, Ober\u00e1, Tandil y Santiago del Estero.<\/p><\/div>\n","protected":false},"excerpt":{"rendered":"<p>El mismo se realizar\u00e1 los d\u00edas 9, 10 y 11 de agosto en el Centro Cultural Municipal y convocar\u00e1 a funcionarios, referentes, embajadores y dirigentes de distintos puntos del pa\u00eds. En conferencia de prensa, que cont\u00f3 con la presencia del intendente Bruno Cipolini junto al presidente de la Confederaci\u00f3n de Colectividades Extranjeras, Jos\u00e9 Gareis; el [&hellip;]<\/p>\n","protected":false},"author":1,"featured_media":33635,"comment_status":"closed","ping_status":"closed","sticky":false,"template":"","format":"standard","meta":{"footnotes":""},"categories":[6],"tags":[],"class_list":{"0":"post-33634","1":"post","2":"type-post","3":"status-publish","4":"format-standard","5":"has-post-thumbnail","7":"category-chaco"},"_links":{"self":[{"href":"https:\/\/chacosintesis.com.ar\/index.php\/wp-json\/wp\/v2\/posts\/33634","targetHints":{"allow":["GET"]}}],"collection":[{"href":"https:\/\/chacosintesis.com.ar\/index.php\/wp-json\/wp\/v2\/posts"}],"about":[{"href":"https:\/\/chacosintesis.com.ar\/index.php\/wp-json\/wp\/v2\/types\/post"}],"author":[{"embeddable":true,"href":"https:\/\/chacosintesis.com.ar\/index.php\/wp-json\/wp\/v2\/users\/1"}],"replies":[{"embeddable":true,"href":"https:\/\/chacosintesis.com.ar\/index.php\/wp-json\/wp\/v2\/comments?post=33634"}],"version-history":[{"count":0,"href":"https:\/\/chacosintesis.com.ar\/index.php\/wp-json\/wp\/v2\/posts\/33634\/revisions"}],"wp:featuredmedia":[{"embeddable":true,"href":"https:\/\/chacosintesis.com.ar\/index.php\/wp-json\/wp\/v2\/media\/33635"}],"wp:attachment":[{"href":"https:\/\/chacosintesis.com.ar\/index.php\/wp-json\/wp\/v2\/media?parent=33634"}],"wp:term":[{"taxonomy":"category","embeddable":true,"href":"https:\/\/chacosintesis.com.ar\/index.php\/wp-json\/wp\/v2\/categories?post=33634"},{"taxonomy":"post_tag","embeddable":true,"href":"https:\/\/chacosintesis.com.ar\/index.php\/wp-json\/wp\/v2\/tags?post=33634"}],"curies":[{"name":"wp","href":"https:\/\/api.w.org\/{rel}","templated":true}]}}