{"id":33579,"date":"2024-05-13T18:41:04","date_gmt":"2024-05-13T21:41:04","guid":{"rendered":"https:\/\/chacosintesis.com.ar\/?p=33579"},"modified":"2024-05-13T18:41:59","modified_gmt":"2024-05-13T21:41:59","slug":"el-gobierno-firmo-convenio-con-la-unne-que-permitira-evaluar-el-impacto-de-las-actividades-culturales-en-la-economia-local","status":"publish","type":"post","link":"https:\/\/chacosintesis.com.ar\/index.php\/el-gobierno-firmo-convenio-con-la-unne-que-permitira-evaluar-el-impacto-de-las-actividades-culturales-en-la-economia-local\/","title":{"rendered":"El gobierno firm\u00f3 convenio con la Unne que permitir\u00e1 evaluar el impacto de las actividades culturales en la econom\u00eda local"},"content":{"rendered":"<div class=\"postie-post\">El convenio fue suscripto por el titular del Instituto de Cultura y la decana de la Facultad de Ciencias Econ\u00f3micas de la UNNE. Se trata de un proyecto de investigaci\u00f3n con la carrera de Ciencias Econ\u00f3micas que permitir\u00e1 contar con n\u00fameros y estad\u00edsticas reales para la toma de decisiones y dise\u00f1o de pol\u00edticas p\u00fablicas vinculadas a la cultura.<br \/>\nEl presidente del Instituto de Cultura del Chaco Mario Zorrilla y la decana de la Facultad de Ciencias Econ\u00f3micas de la Universidad Nacional del Nordeste (UNNE) Moira Carri\u00f3, firmaron este lunes un convenio de cooperaci\u00f3n en materia de capacitaciones, pasant\u00edas y proyectos de investigaci\u00f3n. El eje est\u00e1 puesto en la realizaci\u00f3n conjunta de una investigaci\u00f3n acerca del impacto real de las actividades culturales en la econom\u00eda chaque\u00f1a.<\/p>\n<p> \u201cNos interesa saber el impacto econ\u00f3mico de las actividades que impulsamos desde el Instituto de Cultura en todos los rubros, para tener n\u00fameros reales que nos permitan proyectar y planificar pol\u00edticas al respecto y establecer estrategias de inversi\u00f3n futura relacionadas a la cultura\u201d, explic\u00f3 Zorrilla.<\/p>\n<p> El convenio tendr\u00e1 una duraci\u00f3n de dos a\u00f1os con posibilidades de extensi\u00f3n. Adem\u00e1s de contribuir a la formaci\u00f3n acad\u00e9mica, el estudio derivar\u00e1 en estad\u00edsticas reales que ser\u00e1n informadas a las C\u00e1maras de Comercio y de empresarios del sector. \u201cEn principio la propuesta abarcar\u00e1 a las actividades que realiza el instituto, con la posibilidad de ampliar a eventos privados en la medida en que las empresas nos faciliten los datos\u201d, remarc\u00f3.<\/p>\n<p> En ese sentido se\u00f1al\u00f3 que se viene trabajando con la Unne en capacitaciones, pasant\u00edas e intercambio. En ese marco se rubric\u00f3 hace dos meses un convenio con la Facultad de Artes para apoyar desde Cultura la actividad de los estudiantes de la Carrera de Gesti\u00f3n Cultural y de Turismo. Ahora, en esta segunda instancia, se avanzar\u00e1 con la carrera de Ciencias Econ\u00f3micas.<\/p>\n<p> De la r\u00fabrica participaron tambi\u00e9n la secretaria de Posgrado de la facultad, Mabel Yanda y el secretario de Extensi\u00f3n Federico Martos.<br \/>\nCapacitaciones y pasant\u00edas La decana de la facultad destac\u00f3 la importancia de este convenio que adem\u00e1s contempla actividades de capacitaci\u00f3n que brindar\u00e1 la universidad seg\u00fan las necesidades y requerimientos del instituto de Cultura y la posibilidad de establecer pasant\u00edas para los estudiantes. \u201cTenemos cinco \u00e1reas de conocimiento espec\u00edfico que pueden ser de gran aporte para el instituto, como la carrera de contador, econom\u00eda, administraci\u00f3n, relaciones laborales y comercio exterior\u201d, dijo Carri\u00f3.<\/p>\n<p>En cuanto a la investigaci\u00f3n para medir el impacto econ\u00f3mico de la actividad cultural, precis\u00f3 que tiene que ver con analizar la participaci\u00f3n de la Cultura en la generaci\u00f3n de valor agregado que en muchos pa\u00edses del mundo tiene un peso muy importante. \u201cLa idea es comenzar a generar estad\u00edsticas de base para ver cu\u00e1nto aporta el sector cultura a la econom\u00eda del Chaco, ya que todo hacedor de pol\u00edticas p\u00fablicas siempre necesita un fundamento y diagn\u00f3stico para gestionar\u201d, acot\u00f3.<\/p>\n<p>Finalmente, cit\u00f3 como antecedente que en articulaci\u00f3n con la Fundaci\u00f3n Urunday tambi\u00e9n se viene trabajando en un proyecto para medir el impacto de la tradicional Bienal de las Esculturas.<\/p><\/div>\n","protected":false},"excerpt":{"rendered":"<p>El convenio fue suscripto por el titular del Instituto de Cultura y la decana de la Facultad de Ciencias Econ\u00f3micas de la UNNE. Se trata de un proyecto de investigaci\u00f3n con la carrera de Ciencias Econ\u00f3micas que permitir\u00e1 contar con n\u00fameros y estad\u00edsticas reales para la toma de decisiones y dise\u00f1o de pol\u00edticas p\u00fablicas vinculadas [&hellip;]<\/p>\n","protected":false},"author":1,"featured_media":33580,"comment_status":"closed","ping_status":"closed","sticky":false,"template":"","format":"standard","meta":{"footnotes":""},"categories":[6],"tags":[],"class_list":{"0":"post-33579","1":"post","2":"type-post","3":"status-publish","4":"format-standard","5":"has-post-thumbnail","7":"category-chaco"},"_links":{"self":[{"href":"https:\/\/chacosintesis.com.ar\/index.php\/wp-json\/wp\/v2\/posts\/33579","targetHints":{"allow":["GET"]}}],"collection":[{"href":"https:\/\/chacosintesis.com.ar\/index.php\/wp-json\/wp\/v2\/posts"}],"about":[{"href":"https:\/\/chacosintesis.com.ar\/index.php\/wp-json\/wp\/v2\/types\/post"}],"author":[{"embeddable":true,"href":"https:\/\/chacosintesis.com.ar\/index.php\/wp-json\/wp\/v2\/users\/1"}],"replies":[{"embeddable":true,"href":"https:\/\/chacosintesis.com.ar\/index.php\/wp-json\/wp\/v2\/comments?post=33579"}],"version-history":[{"count":0,"href":"https:\/\/chacosintesis.com.ar\/index.php\/wp-json\/wp\/v2\/posts\/33579\/revisions"}],"wp:featuredmedia":[{"embeddable":true,"href":"https:\/\/chacosintesis.com.ar\/index.php\/wp-json\/wp\/v2\/media\/33580"}],"wp:attachment":[{"href":"https:\/\/chacosintesis.com.ar\/index.php\/wp-json\/wp\/v2\/media?parent=33579"}],"wp:term":[{"taxonomy":"category","embeddable":true,"href":"https:\/\/chacosintesis.com.ar\/index.php\/wp-json\/wp\/v2\/categories?post=33579"},{"taxonomy":"post_tag","embeddable":true,"href":"https:\/\/chacosintesis.com.ar\/index.php\/wp-json\/wp\/v2\/tags?post=33579"}],"curies":[{"name":"wp","href":"https:\/\/api.w.org\/{rel}","templated":true}]}}