{"id":33573,"date":"2024-05-13T11:31:09","date_gmt":"2024-05-13T14:31:09","guid":{"rendered":"http:\/\/chacosintesis.com.ar\/?p=33573"},"modified":"2024-05-13T11:32:41","modified_gmt":"2024-05-13T14:32:41","slug":"este-sabado-18-se-realizara-una-nueva-feria-de-pequenos-productores","status":"publish","type":"post","link":"https:\/\/chacosintesis.com.ar\/index.php\/este-sabado-18-se-realizara-una-nueva-feria-de-pequenos-productores\/","title":{"rendered":"Este s\u00e1bado 18 se realizar\u00e1 una nueva feria de peque\u00f1os productores"},"content":{"rendered":"<div class=\"postie-post\">El gobierno provincial en colaboraci\u00f3n con el municipio de Resistencia, anunci\u00f3 la pr\u00f3xima edici\u00f3n de la Feria de Peque\u00f1os Productores, para este s\u00e1bado 18 de mayo. Es una iniciativa que busca fortalecer y promover la actividad productiva local; este evento se ha convertido en un referente clave para la comunidad, ya que no solo impulsa el desarrollo econ\u00f3mico de los productores, sino que tambi\u00e9n ofrece a los vecinos la oportunidad de acceder a productos de primera calidad a precios accesibles.<\/p>\n<p>La feria, que se llevar\u00e1 a cabo en el Pasaje Fabriciano, predio del Domo del Centenario el d\u00eda 18 de Mayo desde las 8:00 y hasta las 13:00 horas, tiene como  objetivo principal brindar una plataforma para que los peque\u00f1os productores puedan exhibir y comercializar sus productos directamente al p\u00fablico, como panificados, dulces,pescados de r\u00edo, hortalizas y verduras.<\/p>\n<p> Esta iniciativa refleja el compromiso del gobierno provincial, en apoyar y promover el desarrollo econ\u00f3mico de la regi\u00f3n,  as\u00ed como en fomentar el consumo de productos locales y sustentables. Actividades como la Feria de Peque\u00f1os Productores son fundamentales para fortalecer los lazos entre productores y consumidores, y contribuyen significativamente al crecimiento y la prosperidad de nuestra comunidad.<\/p>\n<p> Desde el gobierno provincial remarcaron esta invitaci\u00f3n: \u201cLos esperamos a todos en la Feria de Peque\u00f1os Productores, donde la calidad y la diversidad se encuentran a precios accesibles para todos. Juntos, seguimos construyendo un futuro pr\u00f3spero y sustentable para todos los chque\u00f1os\u201d- concluyeron.<\/p><\/div>\n","protected":false},"excerpt":{"rendered":"<p>El gobierno provincial en colaboraci\u00f3n con el municipio de Resistencia, anunci\u00f3 la pr\u00f3xima edici\u00f3n de la Feria de Peque\u00f1os Productores, para este s\u00e1bado 18 de mayo. Es una iniciativa que busca fortalecer y promover la actividad productiva local; este evento se ha convertido en un referente clave para la comunidad, ya que no solo impulsa [&hellip;]<\/p>\n","protected":false},"author":1,"featured_media":33574,"comment_status":"closed","ping_status":"closed","sticky":false,"template":"","format":"standard","meta":{"footnotes":""},"categories":[6],"tags":[],"class_list":{"0":"post-33573","1":"post","2":"type-post","3":"status-publish","4":"format-standard","5":"has-post-thumbnail","7":"category-chaco"},"_links":{"self":[{"href":"https:\/\/chacosintesis.com.ar\/index.php\/wp-json\/wp\/v2\/posts\/33573","targetHints":{"allow":["GET"]}}],"collection":[{"href":"https:\/\/chacosintesis.com.ar\/index.php\/wp-json\/wp\/v2\/posts"}],"about":[{"href":"https:\/\/chacosintesis.com.ar\/index.php\/wp-json\/wp\/v2\/types\/post"}],"author":[{"embeddable":true,"href":"https:\/\/chacosintesis.com.ar\/index.php\/wp-json\/wp\/v2\/users\/1"}],"replies":[{"embeddable":true,"href":"https:\/\/chacosintesis.com.ar\/index.php\/wp-json\/wp\/v2\/comments?post=33573"}],"version-history":[{"count":0,"href":"https:\/\/chacosintesis.com.ar\/index.php\/wp-json\/wp\/v2\/posts\/33573\/revisions"}],"wp:featuredmedia":[{"embeddable":true,"href":"https:\/\/chacosintesis.com.ar\/index.php\/wp-json\/wp\/v2\/media\/33574"}],"wp:attachment":[{"href":"https:\/\/chacosintesis.com.ar\/index.php\/wp-json\/wp\/v2\/media?parent=33573"}],"wp:term":[{"taxonomy":"category","embeddable":true,"href":"https:\/\/chacosintesis.com.ar\/index.php\/wp-json\/wp\/v2\/categories?post=33573"},{"taxonomy":"post_tag","embeddable":true,"href":"https:\/\/chacosintesis.com.ar\/index.php\/wp-json\/wp\/v2\/tags?post=33573"}],"curies":[{"name":"wp","href":"https:\/\/api.w.org\/{rel}","templated":true}]}}