{"id":33507,"date":"2024-05-11T13:32:26","date_gmt":"2024-05-11T16:32:26","guid":{"rendered":"http:\/\/chacosintesis.com.ar\/?p=33507"},"modified":"2024-05-11T13:36:11","modified_gmt":"2024-05-11T16:36:11","slug":"pampa-del-infierno-gobierno-se-reunio-con-lideres-religiosos-de-pueblos-originarios","status":"publish","type":"post","link":"https:\/\/chacosintesis.com.ar\/index.php\/pampa-del-infierno-gobierno-se-reunio-con-lideres-religiosos-de-pueblos-originarios\/","title":{"rendered":"Pampa del Infierno: gobierno se reuni\u00f3 con l\u00edderes religiosos de pueblos originarios"},"content":{"rendered":"<div class=\"postie-post\">En la localidad de Pampa del Infierno, el Coordinador de Culto, dependiente del Ministerio de Gobierno, Pablo Paredes, se reuni\u00f3 con l\u00edderes religiosos de las comunidades originarias.<br \/>\nLa convocatoria se realiz\u00f3 con la presencia de  la coordinadora provincial de la Iglesia Cuadrangular Zoraida Gonz\u00e1lez , en el predio del mencionado templo. Los l\u00edderes que tambi\u00e9n estuvieron presentes representaron a distintas denominaciones del Departamento Brown.<br \/>\n Durante la reuni\u00f3n, se inform\u00f3 detalladamente sobre el relevamiento del programa \u00d1achec y el procedimiento para llevarlo a cabo en la comunidad. Se destacaron los tres ejes del programa: alimentario, refacciones edilicias y capacitaciones.<br \/>\n Por su parte, Paredes, coordinador de Culto del Chaco, manifest\u00f3: \u201cBuscamos tambi\u00e9n dar respuestas a las inquietudes que surgen respecto de los procedimientos para el registro de Culto y ayudarlos con la obtenci\u00f3n de la personer\u00eda jur\u00eddica, entre algunos de los temas que nos demandan\u201d.<\/div>\n","protected":false},"excerpt":{"rendered":"<p>En la localidad de Pampa del Infierno, el Coordinador de Culto, dependiente del Ministerio de Gobierno, Pablo Paredes, se reuni\u00f3 con l\u00edderes religiosos de las comunidades originarias. La convocatoria se realiz\u00f3 con la presencia de la coordinadora provincial de la Iglesia Cuadrangular Zoraida Gonz\u00e1lez , en el predio del mencionado templo. Los l\u00edderes que tambi\u00e9n [&hellip;]<\/p>\n","protected":false},"author":1,"featured_media":33508,"comment_status":"closed","ping_status":"closed","sticky":false,"template":"","format":"standard","meta":{"footnotes":""},"categories":[6],"tags":[],"class_list":{"0":"post-33507","1":"post","2":"type-post","3":"status-publish","4":"format-standard","5":"has-post-thumbnail","7":"category-chaco"},"_links":{"self":[{"href":"https:\/\/chacosintesis.com.ar\/index.php\/wp-json\/wp\/v2\/posts\/33507","targetHints":{"allow":["GET"]}}],"collection":[{"href":"https:\/\/chacosintesis.com.ar\/index.php\/wp-json\/wp\/v2\/posts"}],"about":[{"href":"https:\/\/chacosintesis.com.ar\/index.php\/wp-json\/wp\/v2\/types\/post"}],"author":[{"embeddable":true,"href":"https:\/\/chacosintesis.com.ar\/index.php\/wp-json\/wp\/v2\/users\/1"}],"replies":[{"embeddable":true,"href":"https:\/\/chacosintesis.com.ar\/index.php\/wp-json\/wp\/v2\/comments?post=33507"}],"version-history":[{"count":0,"href":"https:\/\/chacosintesis.com.ar\/index.php\/wp-json\/wp\/v2\/posts\/33507\/revisions"}],"wp:featuredmedia":[{"embeddable":true,"href":"https:\/\/chacosintesis.com.ar\/index.php\/wp-json\/wp\/v2\/media\/33508"}],"wp:attachment":[{"href":"https:\/\/chacosintesis.com.ar\/index.php\/wp-json\/wp\/v2\/media?parent=33507"}],"wp:term":[{"taxonomy":"category","embeddable":true,"href":"https:\/\/chacosintesis.com.ar\/index.php\/wp-json\/wp\/v2\/categories?post=33507"},{"taxonomy":"post_tag","embeddable":true,"href":"https:\/\/chacosintesis.com.ar\/index.php\/wp-json\/wp\/v2\/tags?post=33507"}],"curies":[{"name":"wp","href":"https:\/\/api.w.org\/{rel}","templated":true}]}}