{"id":33505,"date":"2024-05-11T13:26:08","date_gmt":"2024-05-11T16:26:08","guid":{"rendered":"https:\/\/chacosintesis.com.ar\/?p=33505"},"modified":"2024-05-11T13:27:13","modified_gmt":"2024-05-11T16:27:13","slug":"el-gobierno-acompano-el-lanzamiento-de-la-ronda-de-negocios-norte-grande-paraguay","status":"publish","type":"post","link":"https:\/\/chacosintesis.com.ar\/index.php\/el-gobierno-acompano-el-lanzamiento-de-la-ronda-de-negocios-norte-grande-paraguay\/","title":{"rendered":"El gobierno acompa\u00f1\u00f3 el lanzamiento de la ronda de negocios \u201cNorte Grande &#8211; Paraguay\u201d"},"content":{"rendered":"<div class=\"postie-post\">Este s\u00e1bado, en la sede de la C\u00e1mara de Comercio de Resistencia, se realiz\u00f3 el lanzamiento de la Ronda de Negocios Edici\u00f3n \u201cNorte Grande- Paraguay\u201d a realizarse el mi\u00e9rcoles 29 de mayo, a partir de las 8 Hs, en el Centro de Convenciones Gala.<\/p>\n<p> La presentaci\u00f3n cont\u00f3 con la presencia del  ministro de Hacienda y Finanzas, Alejandro Abraam; el secretario coordinador de Gabinete del gobierno del Chaco, Livio Guti\u00e9rrez, los presidentes de CAME, FECHACO, COMEXCHACO y CCRes, Alfredo Gonz\u00e1lez, Ernesto Scaglia,  Mat\u00edas Brugnoli y Walter Bistman respectivamente; y autoridades del Consulado de Paraguay en Resistencia. La invitaci\u00f3n de esta nueva edici\u00f3n multisectorial est\u00e1 destinado al sector empresario de la ciudad para que participen de la jornada.<\/p>\n<p>Dicha actividad es auspiciada por el Gobierno del Chaco y \u201cPara esta ronda de negocios multisectorial, el Gobierno de la provincia, a trav\u00e9s del gobernador Leandro Zdero, nos encomend\u00f3 el acompa\u00f1amiento a todos los ministerios, que tengan relaci\u00f3n con la cuesti\u00f3n industrial y comercial, todos los comerciantes de Paraguay, de Argentina, de todo el Norte Grande, con disertaciones de gente que tiene que ver con el Pymes en Brasil\u201d, subray\u00f3 el coordinador de gabinete provincial.<\/p>\n<p> En la cual resalt\u00f3 adem\u00e1s, Livio Guti\u00e9rrez, que: \u201cLa experiencia de Curitiba  que ha tra\u00eddo el gobernador, quiere que se haga algo similar aqu\u00ed, sobre todo medidas concretas, que como gobierno venimos teniendo, como por ejemplo, la quita de impuestos, con suspensi\u00f3n de pago de impuesto inmobiliario rural, para acompa\u00f1ar al sector productivo; como la cuesti\u00f3n relativa al fondo de salud p\u00fablica, tambi\u00e9n de renta que est\u00e1 suspendido\u201d, indic\u00f3 y agreg\u00f3; \u201cEs uno de los gobernadores de la Rep\u00fablica Argentina, en este tiempo de crisis, que ha bajado impuestos a los sectores productivos\u201d, coment\u00f3 el Coordinador de Gabinete del gobierno del Chaco, Livio Guti\u00e9rrez.<br \/>\nPor su parte Alfredo Gonz\u00e1lez, presidente de la Confederaci\u00f3n Argentina de la Mediana Empresa (CAME), agreg\u00f3 que; \u201cLa importancia, porque ahora se ampl\u00eda un poco m\u00e1s, no solamente al Norte Grande Federal que tenemos aqu\u00ed en las diez provincias, sino tambi\u00e9n al pa\u00eds vecino de Paraguay donde  vamos a tener una capacitaci\u00f3n a trav\u00e9s de la SEBRAE, que es una instituci\u00f3n p\u00fablica privada de Brasil, que potencia las Pymes Brasileras, que genera capacitaci\u00f3n y dem\u00e1s acciones dentro de todo lo que es este pa\u00eds enorme de Brasil. As\u00ed que no solamente vamos a poder interactuar, vender, comprar entre las diez provincias de Paraguay, sino tambi\u00e9n vamos a capacitarnos\u201d, expreso el titular de la CAME.<br \/>\nEl evento tiene como objetivo posibilitar el inicio de nuevos contactos comerciales y\/o institucionales y desde ah\u00ed, generar escenarios de negocios, asociaciones, representaciones y todo aquello que ayude a mejorar la competitividad de las pymes del Norte Grande argentino, de la Rep\u00fablica del Paraguay y Brasil, a trav\u00e9s de la reconocida plataforma de rondas de negocios de CAME. Autoridades de CAME y del Servicio Brasile\u00f1o de Apoyo a las Micro y Peque\u00f1as Empresas de Paran\u00e1 (SEBRAE), estar\u00e1n presentes en este evento brindando herramientas para promover el comercio bilateral de las peque\u00f1as y medianas empresas de ambos pa\u00edses.<br \/>\nCronograma de actividades La apertura se realizar\u00e1 a las 8.30 horas en la que participar\u00e1n autoridades provinciales y de diferentes entidades empresarias. Mientras que la ronda de negocios est\u00e1 prevista iniciar a las 9 horas.<\/p>\n<p> De forma paralela, se llevar\u00e1 adelante disertaciones sobre comercio exterior y herramientas de fomento del mismo en el sector privado y el sector p\u00fablico, a cargo del Banco Naci\u00f3n, Nuevo Banco del Chaco, Ministerio de Producci\u00f3n del Chaco y un sistema de mecanismo de incentivos al comercio exterior con participaci\u00f3n de los subsecretarios de comercio exterior de C\u00f3rdoba y Santa Fe. Informes e inscripci\u00f3n<\/p>\n<p> El evento, que prev\u00e9 la participaci\u00f3n de m\u00e1s de 300 empresarios, es arancelado y requiere inscripci\u00f3n en el siguiente link: <a href=\"http:\/\/rdn.came.org.ar\/\">rdn.came.org.ar\/<\/a> Para aquellas empresas interesadas en contar con m\u00e1s informaci\u00f3n, dirigirse al correo <a href=\"mailto:infocamara@comexchaco.com.ar\" >infocamara@comexchaco.com.ar<\/a>; o al Instagram: @comexchaco<\/div>\n","protected":false},"excerpt":{"rendered":"<p>Este s\u00e1bado, en la sede de la C\u00e1mara de Comercio de Resistencia, se realiz\u00f3 el lanzamiento de la Ronda de Negocios Edici\u00f3n \u201cNorte Grande- Paraguay\u201d a realizarse el mi\u00e9rcoles 29 de mayo, a partir de las 8 Hs, en el Centro de Convenciones Gala. La presentaci\u00f3n cont\u00f3 con la presencia del ministro de Hacienda y [&hellip;]<\/p>\n","protected":false},"author":1,"featured_media":33506,"comment_status":"closed","ping_status":"closed","sticky":false,"template":"","format":"standard","meta":{"footnotes":""},"categories":[6],"tags":[],"class_list":{"0":"post-33505","1":"post","2":"type-post","3":"status-publish","4":"format-standard","5":"has-post-thumbnail","7":"category-chaco"},"_links":{"self":[{"href":"https:\/\/chacosintesis.com.ar\/index.php\/wp-json\/wp\/v2\/posts\/33505","targetHints":{"allow":["GET"]}}],"collection":[{"href":"https:\/\/chacosintesis.com.ar\/index.php\/wp-json\/wp\/v2\/posts"}],"about":[{"href":"https:\/\/chacosintesis.com.ar\/index.php\/wp-json\/wp\/v2\/types\/post"}],"author":[{"embeddable":true,"href":"https:\/\/chacosintesis.com.ar\/index.php\/wp-json\/wp\/v2\/users\/1"}],"replies":[{"embeddable":true,"href":"https:\/\/chacosintesis.com.ar\/index.php\/wp-json\/wp\/v2\/comments?post=33505"}],"version-history":[{"count":0,"href":"https:\/\/chacosintesis.com.ar\/index.php\/wp-json\/wp\/v2\/posts\/33505\/revisions"}],"wp:featuredmedia":[{"embeddable":true,"href":"https:\/\/chacosintesis.com.ar\/index.php\/wp-json\/wp\/v2\/media\/33506"}],"wp:attachment":[{"href":"https:\/\/chacosintesis.com.ar\/index.php\/wp-json\/wp\/v2\/media?parent=33505"}],"wp:term":[{"taxonomy":"category","embeddable":true,"href":"https:\/\/chacosintesis.com.ar\/index.php\/wp-json\/wp\/v2\/categories?post=33505"},{"taxonomy":"post_tag","embeddable":true,"href":"https:\/\/chacosintesis.com.ar\/index.php\/wp-json\/wp\/v2\/tags?post=33505"}],"curies":[{"name":"wp","href":"https:\/\/api.w.org\/{rel}","templated":true}]}}