{"id":33497,"date":"2024-05-11T13:18:21","date_gmt":"2024-05-11T16:18:21","guid":{"rendered":"http:\/\/chacosintesis.com.ar\/?p=33497"},"modified":"2024-05-11T13:22:04","modified_gmt":"2024-05-11T16:22:04","slug":"sudoeste-el-gobierno-provincial-brindo-detalles-de-la-plataforma-ese-para-emprendedores","status":"publish","type":"post","link":"https:\/\/chacosintesis.com.ar\/index.php\/sudoeste-el-gobierno-provincial-brindo-detalles-de-la-plataforma-ese-para-emprendedores\/","title":{"rendered":"Sudoeste: el gobierno provincial brind\u00f3 detalles de la plataforma \u201cESE\u201d, para emprendedores"},"content":{"rendered":"<div class=\"postie-post\">El Gobierno del Chaco, a trav\u00e9s de los equipos t\u00e9cnicos de la Subsecretar\u00eda de Emprendedurismo Urbano y Rural del Ministerio de la Producci\u00f3n y el Desarrollo Econ\u00f3mico Sostenible, estuvo presente en Las Bre\u00f1as, Charata, San Bernardo y Villa \u00c1ngela, donde se brindaron detalles de la plataforma digital \u201cESE \u2013 Espacio Emprendedor\u201d, lugar donde los emprendedores de la provincia podr\u00e1n registrarse, acceder a informaci\u00f3n de inter\u00e9s y a distintos beneficios que le permitir\u00e1n alcanzar un mayor desarrollo y crecimiento en las distintas actividades que realizan.<\/p>\n<p>Tambi\u00e9n informaron sobre las l\u00edneas de financiamiento, M\u00e1s Emprendimientos y M\u00e1s Campo, con nuevas tasas de inter\u00e9s.<\/p>\n<p> Los encuentros se llevaron a cabo en el Sal\u00f3n de Reuniones del Palacio Municipal de Las Bre\u00f1as, en el Club Cooperativa de Charata, el Sal\u00f3n Azul Municipal de San Bernardo y concluyeron en la Sociedad Rural de Villa \u00c1ngela. En todos los casos, los equipos t\u00e9cnicos de la Subsecretar\u00eda de Emprendedurismo Urbano y Rural ofrecieron ayer a los presentes todos los detalles de la plataforma \u201cESE \u2013 Espacio Emprendedor\u201d, un lugar donde los emprendedores chaque\u00f1os estar\u00e1n registrados y podr\u00e1n acceder a informaci\u00f3n de su inter\u00e9s, as\u00ed como distintos beneficios que alientan el crecimiento y la expansi\u00f3n de estas actividades en todo el territorio provincial.<\/p>\n<p>Los equipos t\u00e9cnicos de Emprendedurismo Urbano y Rural tambi\u00e9n aprovecharon estas reuniones para hacer conocer los alcances de las l\u00edneas de financiamiento + M\u00e1s Emprendimientos y + M\u00e1s Campo, ambas proyectadas para favorecer el crecimiento de estos sectores productivos, con nuevas tasas de inter\u00e9s, en atenci\u00f3n al especial momento econ\u00f3mico que atraviesa el pa\u00eds y que demanda al gobierno provincial un mayor esfuerzo para estar presente junto a los que producen y aportan al desarrollo del Chaco.<\/p>\n<p>Cabe destacar que la l\u00ednea de financiamiento + M\u00e1s Emprendimientos est\u00e1 orientada a la promoci\u00f3n y fomento de emprendedores que se encuentran en la b\u00fasqueda de mejoras de la productividad, crecimiento e innovaci\u00f3n en sus emprendimientos. Est\u00e1 destinada a personas f\u00edsicas (micro, peque\u00f1os y medianos emprendimientos formalizados), artesanos y\/o emprendedores creativos que desarrollen productos con identidad cultural o patrimonial y personas jur\u00eddicas (empresas, cooperativas) y l\u00edneas de producci\u00f3n artesanal con agregado de valor.<\/p>\n<p> El monto m\u00e1ximo a financiar es de $ 2.000.000, con un plazo m\u00e1ximo de devoluci\u00f3n de 24 meses y un per\u00edodo de gracia de 12 meses. Las tasas de inter\u00e9s son del 15% para un monto de $ 750.000, del 20% para un monto de $ 1.500.000 y del 25% para un monto de $ 2.000.000. El financiamiento est\u00e1 destinado para la compra de insumos, materiales, materia prima, accesorios destinados al desarrollo de actividades creativas artesanales, m\u00e1quinas y equipos, herramientas y equipamiento menor, acondicionamiento edilicio y de las instalaciones.<\/p>\n<p>Por su parte, la l\u00ednea de financiamiento \u201cM\u00e1s Campo\u201d apunta a la promoci\u00f3n rural y fomento de actividades econ\u00f3micas agropecuarias para peque\u00f1os y medianos productores de la provincia. Est\u00e1 destinada a personas f\u00edsicas o jur\u00eddicas que realicen actividades agropecuarias, forestales, de floricultura o manejo de recursos naturales, con un monto m\u00e1ximo a financiar de $ 20.000.000, un plazo m\u00e1ximo de devoluci\u00f3n de 24 meses y un per\u00edodo m\u00e1ximo de gracia de 12 meses.<\/p>\n<p>El financiamiento est\u00e1 direccionado para la adquisici\u00f3n de equipamiento, maquinaria y herramientas (activos fijos), proyectos de inversi\u00f3n (combinaci\u00f3n de activos fijos y una porci\u00f3n menor de capital de trabajo) y para la adecuaci\u00f3n edilicia o de las instalaciones. Las tasas de inter\u00e9s arrancan con un 15% por $ 8.000.000, del 20% por $ 12.000.000 y del 25% por $ 20.000.000. El sistema de amortizaci\u00f3n es alem\u00e1n y el tipo de garant\u00eda es personal, prendaria Fo.Ga.Ch. Los interesados pueden solicitar mayor informaci\u00f3n en la Subsecretar\u00eda de Emprendedurismo Urbano y Rural, <a href=\"mailto:emprendedurismochaco@gmail.com\" >emprendedurismochaco@gmail.com<\/a>. Tel\u00e9fono 362-5270140 o bien en Marcelo T. de Alvear 145, 3\u00ba piso, ciudad de Resistencia.<\/div>\n","protected":false},"excerpt":{"rendered":"<p>El Gobierno del Chaco, a trav\u00e9s de los equipos t\u00e9cnicos de la Subsecretar\u00eda de Emprendedurismo Urbano y Rural del Ministerio de la Producci\u00f3n y el Desarrollo Econ\u00f3mico Sostenible, estuvo presente en Las Bre\u00f1as, Charata, San Bernardo y Villa \u00c1ngela, donde se brindaron detalles de la plataforma digital \u201cESE \u2013 Espacio Emprendedor\u201d, lugar donde los emprendedores [&hellip;]<\/p>\n","protected":false},"author":1,"featured_media":33498,"comment_status":"closed","ping_status":"closed","sticky":false,"template":"","format":"standard","meta":{"footnotes":""},"categories":[6],"tags":[],"class_list":{"0":"post-33497","1":"post","2":"type-post","3":"status-publish","4":"format-standard","5":"has-post-thumbnail","7":"category-chaco"},"_links":{"self":[{"href":"https:\/\/chacosintesis.com.ar\/index.php\/wp-json\/wp\/v2\/posts\/33497","targetHints":{"allow":["GET"]}}],"collection":[{"href":"https:\/\/chacosintesis.com.ar\/index.php\/wp-json\/wp\/v2\/posts"}],"about":[{"href":"https:\/\/chacosintesis.com.ar\/index.php\/wp-json\/wp\/v2\/types\/post"}],"author":[{"embeddable":true,"href":"https:\/\/chacosintesis.com.ar\/index.php\/wp-json\/wp\/v2\/users\/1"}],"replies":[{"embeddable":true,"href":"https:\/\/chacosintesis.com.ar\/index.php\/wp-json\/wp\/v2\/comments?post=33497"}],"version-history":[{"count":0,"href":"https:\/\/chacosintesis.com.ar\/index.php\/wp-json\/wp\/v2\/posts\/33497\/revisions"}],"wp:featuredmedia":[{"embeddable":true,"href":"https:\/\/chacosintesis.com.ar\/index.php\/wp-json\/wp\/v2\/media\/33498"}],"wp:attachment":[{"href":"https:\/\/chacosintesis.com.ar\/index.php\/wp-json\/wp\/v2\/media?parent=33497"}],"wp:term":[{"taxonomy":"category","embeddable":true,"href":"https:\/\/chacosintesis.com.ar\/index.php\/wp-json\/wp\/v2\/categories?post=33497"},{"taxonomy":"post_tag","embeddable":true,"href":"https:\/\/chacosintesis.com.ar\/index.php\/wp-json\/wp\/v2\/tags?post=33497"}],"curies":[{"name":"wp","href":"https:\/\/api.w.org\/{rel}","templated":true}]}}