{"id":33483,"date":"2024-05-11T10:53:10","date_gmt":"2024-05-11T13:53:10","guid":{"rendered":"http:\/\/chacosintesis.com.ar\/?p=33483"},"modified":"2024-05-11T10:56:44","modified_gmt":"2024-05-11T13:56:44","slug":"yo-leo-chaco-desde-la-escondida-el-gobernador-presento-nuevo-programa-de-promocion-de-la-lectura","status":"publish","type":"post","link":"https:\/\/chacosintesis.com.ar\/index.php\/yo-leo-chaco-desde-la-escondida-el-gobernador-presento-nuevo-programa-de-promocion-de-la-lectura\/","title":{"rendered":"Yo leo, Chaco: desde La Escondida, el gobernador present\u00f3 nuevo programa de promoci\u00f3n de la lectura"},"content":{"rendered":"<div class=\"postie-post\">Desde la Escuela de Educaci\u00f3n Primaria N\u00b0 176 &#8220;Antonio Rufino Barrientos\u201d de La Escondida, el gobernador Leandro Zdero, junto a la ministra de Educaci\u00f3n, Sof\u00eda Naidenoff lanzaron el Programa Provincial \u201cYo Leo Chaco\u201d. Al respecto, el mandatario destac\u00f3 la impronta de la educaci\u00f3n como algo que \u201crealmente prepara a los chicos, los vincula y les da libertad\u201d, valorando que esta invitaci\u00f3n a leer \u201cpara mejorar la interpretaci\u00f3n, el vocabulario y, fundamentalmente el compromiso con la lectura\u201d dijo, y confirmando que es algo que se busca concretar en todos los niveles.<\/p>\n<p>Zdero tambi\u00e9n se refiri\u00f3 a la educaci\u00f3n como una \u201cherramienta realmente fundamental para cambiar el mundo\u201d, ratificando la apuesta a la lectura  que \u201crealmente abre horizontes a los chicos, los har\u00e1 mucho m\u00e1s fuertes para comprender las cosas de la vida y  les dar\u00e1 la posibilidad de formarse\u201d, dijo. En esa l\u00ednea, el Gobernador inst\u00f3 al \u201ccompromiso de todos\u201d, no s\u00f3lo de la comunidad educativa, sino tambi\u00e9n de la familia, de los pap\u00e1s, inculcando a los chicos que \u201cla lectura les da una herramienta, no solamente para interpretar, sino para comprender y para el futuro\u201d. En ese sentido, se refiri\u00f3 adem\u00e1s al \u201c\u201ccambio de paradigma\u201d, de  \u201cponer a la educaci\u00f3n en el centro de la escena\u201d y al  gran esfuerzo que realiza la gesti\u00f3n para cumplir con los compromisos asumidos. \u201cApoyamos a esos docentes que abrazan, educan con pasi\u00f3n, con responsabilidad, con compromiso, y que son muchos en el Chaco. Hay que abrazar esa educaci\u00f3n, la educaci\u00f3n de Sarmiento\u201d. \u201cLa educaci\u00f3n iguala, da oportunidades, y esas oportunidades son las alas que le damos a nuestros chicos para el futuro\u201d finaliz\u00f3.<\/p>\n<p>En tanto que la ministra de Educaci\u00f3n, Sof\u00eda Naidenoff  consider\u00f3 que este lanzamiento es \u201cuno de los m\u00e1s importantes\u201d, explicando que se trata de un espacio para que  todos los docentes y padres tomen conciencia de que \u201cse viene el Censo de Fluidez Lectora y los chicos van a estar ansiosos estos d\u00edas\u201d. En ese sentido, explic\u00f3 que, durante ese per\u00edodo, las autoridades escuchar\u00e1n c\u00f3mo leen y c\u00f3mo comprenden lo le\u00eddo; e inst\u00f3 a las familias a que \u201ccolaboren con hacerles leer un poco\u201d, al menos 5 minutos al d\u00eda.<br \/>\nLibertad y nuevos saberes Por su parte, la directora Quiroz, manifest\u00f3: \u201cComo instituci\u00f3n nos sentimos honrados de ser elegidos para este lanzamiento\u201d, celebrando a su vez, en su  funci\u00f3n de educadora, este tipo de espacios y considerando que \u201cla lectura nos enriquece, contribuye a la imaginaci\u00f3n y a la creatividad, aporta nuevos conocimientos y quienes estamos hoy aqu\u00ed damos fe de eso, que nos ayuda a la libertad y a crear nuevos saberes\u201d.<br \/>\nAcompa\u00f1aron esta actividad, el intendente local, Alfredo Caballero, y la directora de la Instituci\u00f3n, Elba Mabel Quiroz, y la directora de la Regional Educativa, Silvia Tayara.<\/p><\/div>\n","protected":false},"excerpt":{"rendered":"<p>Desde la Escuela de Educaci\u00f3n Primaria N\u00b0 176 &#8220;Antonio Rufino Barrientos\u201d de La Escondida, el gobernador Leandro Zdero, junto a la ministra de Educaci\u00f3n, Sof\u00eda Naidenoff lanzaron el Programa Provincial \u201cYo Leo Chaco\u201d. Al respecto, el mandatario destac\u00f3 la impronta de la educaci\u00f3n como algo que \u201crealmente prepara a los chicos, los vincula y les [&hellip;]<\/p>\n","protected":false},"author":1,"featured_media":33484,"comment_status":"closed","ping_status":"closed","sticky":false,"template":"","format":"standard","meta":{"footnotes":""},"categories":[6],"tags":[],"class_list":{"0":"post-33483","1":"post","2":"type-post","3":"status-publish","4":"format-standard","5":"has-post-thumbnail","7":"category-chaco"},"_links":{"self":[{"href":"https:\/\/chacosintesis.com.ar\/index.php\/wp-json\/wp\/v2\/posts\/33483","targetHints":{"allow":["GET"]}}],"collection":[{"href":"https:\/\/chacosintesis.com.ar\/index.php\/wp-json\/wp\/v2\/posts"}],"about":[{"href":"https:\/\/chacosintesis.com.ar\/index.php\/wp-json\/wp\/v2\/types\/post"}],"author":[{"embeddable":true,"href":"https:\/\/chacosintesis.com.ar\/index.php\/wp-json\/wp\/v2\/users\/1"}],"replies":[{"embeddable":true,"href":"https:\/\/chacosintesis.com.ar\/index.php\/wp-json\/wp\/v2\/comments?post=33483"}],"version-history":[{"count":0,"href":"https:\/\/chacosintesis.com.ar\/index.php\/wp-json\/wp\/v2\/posts\/33483\/revisions"}],"wp:featuredmedia":[{"embeddable":true,"href":"https:\/\/chacosintesis.com.ar\/index.php\/wp-json\/wp\/v2\/media\/33484"}],"wp:attachment":[{"href":"https:\/\/chacosintesis.com.ar\/index.php\/wp-json\/wp\/v2\/media?parent=33483"}],"wp:term":[{"taxonomy":"category","embeddable":true,"href":"https:\/\/chacosintesis.com.ar\/index.php\/wp-json\/wp\/v2\/categories?post=33483"},{"taxonomy":"post_tag","embeddable":true,"href":"https:\/\/chacosintesis.com.ar\/index.php\/wp-json\/wp\/v2\/tags?post=33483"}],"curies":[{"name":"wp","href":"https:\/\/api.w.org\/{rel}","templated":true}]}}