{"id":33471,"date":"2024-05-10T18:47:41","date_gmt":"2024-05-10T21:47:41","guid":{"rendered":"https:\/\/chacosintesis.com.ar\/?p=33471"},"modified":"2024-05-10T18:51:28","modified_gmt":"2024-05-10T21:51:28","slug":"el-gobernador-zdero-acompano-el-142-aniversario-de-las-palmas","status":"publish","type":"post","link":"https:\/\/chacosintesis.com.ar\/index.php\/el-gobernador-zdero-acompano-el-142-aniversario-de-las-palmas\/","title":{"rendered":"El gobernador Zdero acompa\u00f1\u00f3 el 142 aniversario de Las Palmas"},"content":{"rendered":"<div class=\"postie-post\">El gobernador Leandro Zdero acompa\u00f1\u00f3, este viernes, el acto por el 142 aniversario de Las Palmas, donde ratific\u00f3 el compromiso de trabajar en conjunto con la intendencia de V\u00edctor Armella por el desarrollo de la localidad. Adem\u00e1s, garantiz\u00f3 acciones para fortalecer la salud, la educaci\u00f3n y la seguridad de la provincia. \u201cHoy quer\u00edamos acompa\u00f1arlos nosotros, a modo de agradecimiento, para celebrar sus 142 a\u00f1os de historia, de esfuerzo, de logros y de sacrificios con habitantes tenaces que frente a la adversidad siempre tienen una mirada de esperanza\u201d- expres\u00f3.<\/p>\n<p>El gobernador, acompa\u00f1ado por la vicegobernadora Silvana Schneider y junto al intendente local, V\u00edctor Armella, agradeci\u00f3 \u201cal pueblo de Las Palmas por el afecto que recibe cada vez que visita la localidad, adem\u00e1s del acompa\u00f1amiento y la confianza puesta para poder transitar estos cuatro a\u00f1os de transformaci\u00f3n de la provincia. \u201cLos tiempos que se vienen son tiempos complejos, pero trabajaremos para dar vuelta la p\u00e1gina para que los chaque\u00f1os dejemos de transitar en la especulaci\u00f3n para abrazar la oportunidad de ponernos de espalda con espalda, de que la esperanza pueda transformar en logros concretos de un trabajo articulado\u201d, expres\u00f3.<\/p>\n<p>Asegur\u00f3 que desde el gobierno provincial se trabajar\u00e1 por el crecimiento y el desarrollo de Las Palmas, de su Puerto, de sus actividades culturales, de sus actividades tur\u00edsticas, pero fundamentalmente de la jerarquizaci\u00f3n de las instituciones. \u201cEstamos administrando una provincia con una econom\u00eda muy compleja, con una situaci\u00f3n financiera realmente muy, pero muy dif\u00edcil, pero sabemos que, administrando bien, hoy esa s\u00e1bana corta puede alcanzar para todos los chaque\u00f1os\u201d, manifest\u00f3.<\/p>\n<p>Zdero explic\u00f3 que le gusta estar presente en los aniversarios de cada uno de los pueblos porque ratificar el sentido de pertenencia, que es tambi\u00e9n ratificar el sentido de ciudadan\u00eda, de solidaridad, de amar al lugar que nos vio nacer, que nos dio la oportunidad de crecer o que elegimos vivir. \u201cTrabajaremos mancomunadamente para que la localidad pueda salir adelante y que podamos hacer muchas obras, proyectos y sue\u00f1os juntos; felices 142 a\u00f1os de historia, de trabajo, de esfuerzo, feliz cumplea\u00f1os a Las Palmas\u201d, expres\u00f3.<\/p>\n<p> Por su parte, el intendente Armella agradeci\u00f3 al gobernador y a la vicegobernadora por estar presentes en el festejo y garantiz\u00f3 que trabajar\u00e1n en conjunto para poder sacar el pueblo adelante. \u201cAtravesamos momentos dif\u00edciles, pero este acto es la demostraci\u00f3n de que no vamos a bajar los brazos, de que vamos a trabajar en forma conjunta\u201d, asegur\u00f3.<\/p>\n<p>En el acto adem\u00e1s estuvieron presentes la secretaria de Municipios Gabriela Galarza; el subsecretario de Transporte, Rodolfo D\u00edaz; subsecretaria de Participaci\u00f3n Ciudadana, Tamara Silvestri; la subsecretaria de Econom\u00eda para el Desarrollo, Viviana Garc\u00eda; los diputados provinciales Carlos Salom y Rodrigo Pav\u00f3n.<\/p><\/div>\n","protected":false},"excerpt":{"rendered":"<p>El gobernador Leandro Zdero acompa\u00f1\u00f3, este viernes, el acto por el 142 aniversario de Las Palmas, donde ratific\u00f3 el compromiso de trabajar en conjunto con la intendencia de V\u00edctor Armella por el desarrollo de la localidad. Adem\u00e1s, garantiz\u00f3 acciones para fortalecer la salud, la educaci\u00f3n y la seguridad de la provincia. \u201cHoy quer\u00edamos acompa\u00f1arlos nosotros, [&hellip;]<\/p>\n","protected":false},"author":1,"featured_media":33472,"comment_status":"closed","ping_status":"closed","sticky":false,"template":"","format":"standard","meta":{"footnotes":""},"categories":[6],"tags":[],"class_list":{"0":"post-33471","1":"post","2":"type-post","3":"status-publish","4":"format-standard","5":"has-post-thumbnail","7":"category-chaco"},"_links":{"self":[{"href":"https:\/\/chacosintesis.com.ar\/index.php\/wp-json\/wp\/v2\/posts\/33471","targetHints":{"allow":["GET"]}}],"collection":[{"href":"https:\/\/chacosintesis.com.ar\/index.php\/wp-json\/wp\/v2\/posts"}],"about":[{"href":"https:\/\/chacosintesis.com.ar\/index.php\/wp-json\/wp\/v2\/types\/post"}],"author":[{"embeddable":true,"href":"https:\/\/chacosintesis.com.ar\/index.php\/wp-json\/wp\/v2\/users\/1"}],"replies":[{"embeddable":true,"href":"https:\/\/chacosintesis.com.ar\/index.php\/wp-json\/wp\/v2\/comments?post=33471"}],"version-history":[{"count":0,"href":"https:\/\/chacosintesis.com.ar\/index.php\/wp-json\/wp\/v2\/posts\/33471\/revisions"}],"wp:featuredmedia":[{"embeddable":true,"href":"https:\/\/chacosintesis.com.ar\/index.php\/wp-json\/wp\/v2\/media\/33472"}],"wp:attachment":[{"href":"https:\/\/chacosintesis.com.ar\/index.php\/wp-json\/wp\/v2\/media?parent=33471"}],"wp:term":[{"taxonomy":"category","embeddable":true,"href":"https:\/\/chacosintesis.com.ar\/index.php\/wp-json\/wp\/v2\/categories?post=33471"},{"taxonomy":"post_tag","embeddable":true,"href":"https:\/\/chacosintesis.com.ar\/index.php\/wp-json\/wp\/v2\/tags?post=33471"}],"curies":[{"name":"wp","href":"https:\/\/api.w.org\/{rel}","templated":true}]}}