{"id":33463,"date":"2024-05-10T18:20:54","date_gmt":"2024-05-10T21:20:54","guid":{"rendered":"http:\/\/chacosintesis.com.ar\/?p=33463"},"modified":"2024-05-10T18:22:50","modified_gmt":"2024-05-10T21:22:50","slug":"un-sueno-realidad-santa-sylvina-contara-con-su-parque-deportivo","status":"publish","type":"post","link":"https:\/\/chacosintesis.com.ar\/index.php\/un-sueno-realidad-santa-sylvina-contara-con-su-parque-deportivo\/","title":{"rendered":"Un sue\u00f1o realidad: Santa Sylvina contar\u00e1 con su parque deportivo"},"content":{"rendered":"<div class=\"postie-post\">El Gobierno provincial, a trav\u00e9s de Loter\u00eda Chaque\u00f1a, confirm\u00f3 un acuerdo para una importante obra en la localidad de Santa Sylvina, que se enmarca en su pleno compromiso con el deporte chaque\u00f1o.<\/p>\n<p>Es por ello, que el presidente de Loter\u00eda Chaque\u00f1a, Lucas Apud Mas\u00edn, firm\u00f3 un convenio junto a la intendente de Santa Sylvina, Susana Maggio, que consiste en la construcci\u00f3n de un parque deportivo municipal.<\/p>\n<p> Dicho parque deportivo, tendr\u00e1 como objetivo ser un espacio de esparcimiento, recreaci\u00f3n y deporte para la familia, el lugar contar\u00e1 con un lugar destinado para jugar al Ajedrez, tendr\u00e1 un play\u00f3n deportivo en el cual se realizar\u00e1n diversas disciplinas como f\u00fatbol, v\u00f3ley, handball, b\u00e1squet y deportes para adultos mayores.<\/p>\n<p> En este contexto, el presidente de Loter\u00eda Chaque\u00f1a, dej\u00f3 en claro que: \u201cSon obras que marcan un antes y un despu\u00e9s, en la provincia, esto habla de un compromiso que tiene el gobernador Leandro Zdero en acompa\u00f1ar al deporte, es por eso que trabajamos articuladamente con los intendentes y con el Instituto del Deporte\u201d.<\/p>\n<p>Por su parte, la jefa comunal Susana Maggio, destac\u00f3 la importancia de esta obra: \u201cQuiero resaltar que esto es un espacio que formar\u00e1 parte del paisaje del casco hist\u00f3rico de la ciudad\u201d.<\/p>\n<p> Este parque deportivo contar\u00e1 adem\u00e1s, con su iluminaci\u00f3n correspondiente y beneficiar\u00e1 a m\u00e1s de 10 mil vecinos.<\/p><\/div>\n","protected":false},"excerpt":{"rendered":"<p>El Gobierno provincial, a trav\u00e9s de Loter\u00eda Chaque\u00f1a, confirm\u00f3 un acuerdo para una importante obra en la localidad de Santa Sylvina, que se enmarca en su pleno compromiso con el deporte chaque\u00f1o. Es por ello, que el presidente de Loter\u00eda Chaque\u00f1a, Lucas Apud Mas\u00edn, firm\u00f3 un convenio junto a la intendente de Santa Sylvina, Susana [&hellip;]<\/p>\n","protected":false},"author":1,"featured_media":33464,"comment_status":"closed","ping_status":"closed","sticky":false,"template":"","format":"standard","meta":{"footnotes":""},"categories":[6],"tags":[],"class_list":{"0":"post-33463","1":"post","2":"type-post","3":"status-publish","4":"format-standard","5":"has-post-thumbnail","7":"category-chaco"},"_links":{"self":[{"href":"https:\/\/chacosintesis.com.ar\/index.php\/wp-json\/wp\/v2\/posts\/33463","targetHints":{"allow":["GET"]}}],"collection":[{"href":"https:\/\/chacosintesis.com.ar\/index.php\/wp-json\/wp\/v2\/posts"}],"about":[{"href":"https:\/\/chacosintesis.com.ar\/index.php\/wp-json\/wp\/v2\/types\/post"}],"author":[{"embeddable":true,"href":"https:\/\/chacosintesis.com.ar\/index.php\/wp-json\/wp\/v2\/users\/1"}],"replies":[{"embeddable":true,"href":"https:\/\/chacosintesis.com.ar\/index.php\/wp-json\/wp\/v2\/comments?post=33463"}],"version-history":[{"count":0,"href":"https:\/\/chacosintesis.com.ar\/index.php\/wp-json\/wp\/v2\/posts\/33463\/revisions"}],"wp:featuredmedia":[{"embeddable":true,"href":"https:\/\/chacosintesis.com.ar\/index.php\/wp-json\/wp\/v2\/media\/33464"}],"wp:attachment":[{"href":"https:\/\/chacosintesis.com.ar\/index.php\/wp-json\/wp\/v2\/media?parent=33463"}],"wp:term":[{"taxonomy":"category","embeddable":true,"href":"https:\/\/chacosintesis.com.ar\/index.php\/wp-json\/wp\/v2\/categories?post=33463"},{"taxonomy":"post_tag","embeddable":true,"href":"https:\/\/chacosintesis.com.ar\/index.php\/wp-json\/wp\/v2\/tags?post=33463"}],"curies":[{"name":"wp","href":"https:\/\/api.w.org\/{rel}","templated":true}]}}