{"id":33442,"date":"2024-05-10T10:34:45","date_gmt":"2024-05-10T13:34:45","guid":{"rendered":"http:\/\/chacosintesis.com.ar\/?p=33442"},"modified":"2024-05-10T10:36:14","modified_gmt":"2024-05-10T13:36:14","slug":"gobierno-firmo-un-convenio-con-la-facultudad-de-humanidades-de-la-unne-para-pasantias-estudiantiles","status":"publish","type":"post","link":"https:\/\/chacosintesis.com.ar\/index.php\/gobierno-firmo-un-convenio-con-la-facultudad-de-humanidades-de-la-unne-para-pasantias-estudiantiles\/","title":{"rendered":"Gobierno firm\u00f3 un convenio con la facultudad de Humanidades de la Unne para pasant\u00edas estudiantiles"},"content":{"rendered":"<div class=\"postie-post\">Este acuerdo busca profesionalizar las instituciones y brindarles un espacio a los estudiantes de la facultad de humanidades para que puedan realizar sus pasant\u00edas.<\/p>\n<p> El ministro de Gobierno, Justicia, Trabajo y Derechos Humanos, Jorge G\u00f3mez, junto a la subsecretaria de Asuntos Registrales, Mercedes Marinich, y la interventora de Catastro, Mar\u00eda Eugenia Ojeda, se reunieron con la vicedecana de la Facultad de Humanidades de la UNNE, Analia Garc\u00eda, con quien firmaron un convenio para las pasant\u00edas de los estudiantes dentro de las instituciones estatales. \u201cNos parece importante que los estudiantes tengan oportunidades de pr\u00e1cticas en una materia que se relaciona con sus estudios\u201d, sostuvo Marinich y agreg\u00f3, \u201ces positivo el inicio de este acuerdo y esperamos poder tomar m\u00e1s pasantes no solamente con esta universidad sino con otras en las diferentes \u00e1reas. La idea es ir profesionalizando los organismos del estado\u201d.<\/p>\n<p>Este acuerdo entre las partes establece que el Ministerio brindar\u00e1 las herramientas, el lugar y las posibilidades para que los estudiantes de la Facultad de Humanidades puedan realizar pasant\u00edas en los diferentes organismos p\u00fablicos en base a lo que se encuentran estudiando. En principio, la primera instituci\u00f3n que recibir\u00e1 a los alumnos ser\u00e1 la Direcci\u00f3n Provincial de Catastro, pero que en un futuro se ir\u00e1 ampliando hacia otras agencias p\u00fablicas.<\/p>\n<p>Por su parte, Analia Garc\u00eda, vicedecana de la Facultad, se\u00f1al\u00f3 que, \u201cpara nosotros verdaderamente esto es un primer paso muy importante para los estudiantes de las carreras que se dicten dentro de la facultad de humanidades y que puedan hacer sus pr\u00e1cticas en instituciones que corresponden a la comunidad para que tengan la posibilidad de trabajar y aprender c\u00f3mo son las instituciones del medio a las que eventualmente podr\u00edan trabajar cuando egresen\u201d.<\/p><\/div>\n","protected":false},"excerpt":{"rendered":"<p>Este acuerdo busca profesionalizar las instituciones y brindarles un espacio a los estudiantes de la facultad de humanidades para que puedan realizar sus pasant\u00edas. El ministro de Gobierno, Justicia, Trabajo y Derechos Humanos, Jorge G\u00f3mez, junto a la subsecretaria de Asuntos Registrales, Mercedes Marinich, y la interventora de Catastro, Mar\u00eda Eugenia Ojeda, se reunieron con [&hellip;]<\/p>\n","protected":false},"author":1,"featured_media":33443,"comment_status":"closed","ping_status":"closed","sticky":false,"template":"","format":"standard","meta":{"footnotes":""},"categories":[6],"tags":[],"class_list":{"0":"post-33442","1":"post","2":"type-post","3":"status-publish","4":"format-standard","5":"has-post-thumbnail","7":"category-chaco"},"_links":{"self":[{"href":"https:\/\/chacosintesis.com.ar\/index.php\/wp-json\/wp\/v2\/posts\/33442","targetHints":{"allow":["GET"]}}],"collection":[{"href":"https:\/\/chacosintesis.com.ar\/index.php\/wp-json\/wp\/v2\/posts"}],"about":[{"href":"https:\/\/chacosintesis.com.ar\/index.php\/wp-json\/wp\/v2\/types\/post"}],"author":[{"embeddable":true,"href":"https:\/\/chacosintesis.com.ar\/index.php\/wp-json\/wp\/v2\/users\/1"}],"replies":[{"embeddable":true,"href":"https:\/\/chacosintesis.com.ar\/index.php\/wp-json\/wp\/v2\/comments?post=33442"}],"version-history":[{"count":0,"href":"https:\/\/chacosintesis.com.ar\/index.php\/wp-json\/wp\/v2\/posts\/33442\/revisions"}],"wp:featuredmedia":[{"embeddable":true,"href":"https:\/\/chacosintesis.com.ar\/index.php\/wp-json\/wp\/v2\/media\/33443"}],"wp:attachment":[{"href":"https:\/\/chacosintesis.com.ar\/index.php\/wp-json\/wp\/v2\/media?parent=33442"}],"wp:term":[{"taxonomy":"category","embeddable":true,"href":"https:\/\/chacosintesis.com.ar\/index.php\/wp-json\/wp\/v2\/categories?post=33442"},{"taxonomy":"post_tag","embeddable":true,"href":"https:\/\/chacosintesis.com.ar\/index.php\/wp-json\/wp\/v2\/tags?post=33442"}],"curies":[{"name":"wp","href":"https:\/\/api.w.org\/{rel}","templated":true}]}}