{"id":33434,"date":"2024-05-10T09:54:43","date_gmt":"2024-05-10T12:54:43","guid":{"rendered":"http:\/\/chacosintesis.com.ar\/?p=33434"},"modified":"2024-05-10T09:56:44","modified_gmt":"2024-05-10T12:56:44","slug":"el-19-de-mayo-se-realizara-la-maraton-112-aniversario-de-saenz-pena","status":"publish","type":"post","link":"https:\/\/chacosintesis.com.ar\/index.php\/el-19-de-mayo-se-realizara-la-maraton-112-aniversario-de-saenz-pena\/","title":{"rendered":"El 19 de mayo se realizar\u00e1 la Marat\u00f3n 112\u00b0 aniversario de S\u00e1enz Pe\u00f1a"},"content":{"rendered":"<div class=\"postie-post\">La Secretar\u00eda de Desarrollo Humano y Deportes anunci\u00f3 en conferencia de prensa que el domingo 19 de mayo, se realizar\u00e1 la marat\u00f3n aniversario, habr\u00e1 tambi\u00e9n, marat\u00f3n kids e inclusiva.<\/p>\n<p> Las inscripciones se realizar\u00e1n el mismo d\u00eda de la competencia desde la 13 horas o a trav\u00e9s del formulario <a href=\"https:\/\/pedalea.com.ar\/inscriptos_registrar.php?id=164.7qfjfq\">pedalea.com.ar\/inscriptos_registrar.php?id=164.7qfjfq<\/a>. Los participantes deber\u00e1n presentar fotocopia de DNI.<\/p>\n<p>La competencia tendr\u00e1 como punto de partida la plaza San Mart\u00edn, comenzar\u00e1 a las 15 con el recorrido de 5 km, a las 15.10 largar\u00e1 la marat\u00f3n kids, a las 17 iniciar\u00e1n la de 10 km y la inclusiva respectivamente. Habr\u00e1 tres postas de hidrataci\u00f3n la primera en Avenida 33 y 12, en el Polideportivo municipal (28 y 25) la segunda y la \u00faltima en avenida 28 y calle 3.<\/p>\n<p>Germ\u00e1n Rearte Secretario de Desarrollo Humano y Deportes agradeci\u00f3 el trabajo de las diferentes \u00e1reas municipales para poder realizar la competencia y la colaboraci\u00f3n del Club de Leones y el Rotary Club como todos los a\u00f1os.<\/p>\n<p>&#8220;Es un evento muy esperado, no solo por los saenzpe\u00f1enses sino tambi\u00e9n,  por todo el Chaco y provincias vecinas que siempre nos visitan, es un evento muy convocante&#8221; dijo.<\/p>\n<p>Antes de la premiaci\u00f3n, habr\u00e1 un master class de Zumba con el profesor Claudio Benitez, quien ser\u00e1 reconocido por sus 10 a\u00f1os de trabajo y ejercicio de la actividad en el polideportivo municipal.<\/p><\/div>\n","protected":false},"excerpt":{"rendered":"<p>La Secretar\u00eda de Desarrollo Humano y Deportes anunci\u00f3 en conferencia de prensa que el domingo 19 de mayo, se realizar\u00e1 la marat\u00f3n aniversario, habr\u00e1 tambi\u00e9n, marat\u00f3n kids e inclusiva. Las inscripciones se realizar\u00e1n el mismo d\u00eda de la competencia desde la 13 horas o a trav\u00e9s del formulario pedalea.com.ar\/inscriptos_registrar.php?id=164.7qfjfq. Los participantes deber\u00e1n presentar fotocopia de [&hellip;]<\/p>\n","protected":false},"author":1,"featured_media":33435,"comment_status":"closed","ping_status":"closed","sticky":false,"template":"","format":"standard","meta":{"footnotes":""},"categories":[6],"tags":[],"class_list":{"0":"post-33434","1":"post","2":"type-post","3":"status-publish","4":"format-standard","5":"has-post-thumbnail","7":"category-chaco"},"_links":{"self":[{"href":"https:\/\/chacosintesis.com.ar\/index.php\/wp-json\/wp\/v2\/posts\/33434","targetHints":{"allow":["GET"]}}],"collection":[{"href":"https:\/\/chacosintesis.com.ar\/index.php\/wp-json\/wp\/v2\/posts"}],"about":[{"href":"https:\/\/chacosintesis.com.ar\/index.php\/wp-json\/wp\/v2\/types\/post"}],"author":[{"embeddable":true,"href":"https:\/\/chacosintesis.com.ar\/index.php\/wp-json\/wp\/v2\/users\/1"}],"replies":[{"embeddable":true,"href":"https:\/\/chacosintesis.com.ar\/index.php\/wp-json\/wp\/v2\/comments?post=33434"}],"version-history":[{"count":0,"href":"https:\/\/chacosintesis.com.ar\/index.php\/wp-json\/wp\/v2\/posts\/33434\/revisions"}],"wp:featuredmedia":[{"embeddable":true,"href":"https:\/\/chacosintesis.com.ar\/index.php\/wp-json\/wp\/v2\/media\/33435"}],"wp:attachment":[{"href":"https:\/\/chacosintesis.com.ar\/index.php\/wp-json\/wp\/v2\/media?parent=33434"}],"wp:term":[{"taxonomy":"category","embeddable":true,"href":"https:\/\/chacosintesis.com.ar\/index.php\/wp-json\/wp\/v2\/categories?post=33434"},{"taxonomy":"post_tag","embeddable":true,"href":"https:\/\/chacosintesis.com.ar\/index.php\/wp-json\/wp\/v2\/tags?post=33434"}],"curies":[{"name":"wp","href":"https:\/\/api.w.org\/{rel}","templated":true}]}}