{"id":33413,"date":"2024-05-09T19:10:36","date_gmt":"2024-05-09T22:10:36","guid":{"rendered":"https:\/\/chacosintesis.com.ar\/?p=33413"},"modified":"2024-05-09T19:11:22","modified_gmt":"2024-05-09T22:11:22","slug":"el-municipio-termal-y-las-escuelas-coordinan-pautas-de-trabajo-conjunto-en-materia-de-educacion-vial","status":"publish","type":"post","link":"https:\/\/chacosintesis.com.ar\/index.php\/el-municipio-termal-y-las-escuelas-coordinan-pautas-de-trabajo-conjunto-en-materia-de-educacion-vial\/","title":{"rendered":"El Municipio termal y las escuelas coordinan pautas de trabajo conjunto en materia de educaci\u00f3n vial"},"content":{"rendered":"<div class=\"postie-post\">En el Centro Cultural Municipal, tuvo lugar la charla donde se acordaron pautas para el ordenamiento del tr\u00e1nsito en el horario de ingreso y egreso de las escuelas.<br \/>\nEn la oportunidad, participaron unos 60 directores de escuelas de nivel primario y secundario, pertenecientes a establecimientos educativos de la ciudad, el secretario de Gesti\u00f3n y Articulaci\u00f3n Educativa, Pedro Egea; la secretaria de Cultura y Educaci\u00f3n Ciudadana Alicia Ga\u00f1a y el personal de Tr\u00e1nsito y Seguridad  Vial.<\/p>\n<p>En tal sentido comentaron que lo que  se pretende es generar acciones que ordenen el ingreso y egreso, generando conductas enfocadas en el adecuado uso del espacio p\u00fablico, evitando la generaci\u00f3n de desorden o la ocurrencia de accidentes.<\/p><\/div>\n","protected":false},"excerpt":{"rendered":"<p>En el Centro Cultural Municipal, tuvo lugar la charla donde se acordaron pautas para el ordenamiento del tr\u00e1nsito en el horario de ingreso y egreso de las escuelas. En la oportunidad, participaron unos 60 directores de escuelas de nivel primario y secundario, pertenecientes a establecimientos educativos de la ciudad, el secretario de Gesti\u00f3n y Articulaci\u00f3n [&hellip;]<\/p>\n","protected":false},"author":1,"featured_media":33414,"comment_status":"closed","ping_status":"closed","sticky":false,"template":"","format":"standard","meta":{"footnotes":""},"categories":[6],"tags":[],"class_list":{"0":"post-33413","1":"post","2":"type-post","3":"status-publish","4":"format-standard","5":"has-post-thumbnail","7":"category-chaco"},"_links":{"self":[{"href":"https:\/\/chacosintesis.com.ar\/index.php\/wp-json\/wp\/v2\/posts\/33413","targetHints":{"allow":["GET"]}}],"collection":[{"href":"https:\/\/chacosintesis.com.ar\/index.php\/wp-json\/wp\/v2\/posts"}],"about":[{"href":"https:\/\/chacosintesis.com.ar\/index.php\/wp-json\/wp\/v2\/types\/post"}],"author":[{"embeddable":true,"href":"https:\/\/chacosintesis.com.ar\/index.php\/wp-json\/wp\/v2\/users\/1"}],"replies":[{"embeddable":true,"href":"https:\/\/chacosintesis.com.ar\/index.php\/wp-json\/wp\/v2\/comments?post=33413"}],"version-history":[{"count":0,"href":"https:\/\/chacosintesis.com.ar\/index.php\/wp-json\/wp\/v2\/posts\/33413\/revisions"}],"wp:featuredmedia":[{"embeddable":true,"href":"https:\/\/chacosintesis.com.ar\/index.php\/wp-json\/wp\/v2\/media\/33414"}],"wp:attachment":[{"href":"https:\/\/chacosintesis.com.ar\/index.php\/wp-json\/wp\/v2\/media?parent=33413"}],"wp:term":[{"taxonomy":"category","embeddable":true,"href":"https:\/\/chacosintesis.com.ar\/index.php\/wp-json\/wp\/v2\/categories?post=33413"},{"taxonomy":"post_tag","embeddable":true,"href":"https:\/\/chacosintesis.com.ar\/index.php\/wp-json\/wp\/v2\/tags?post=33413"}],"curies":[{"name":"wp","href":"https:\/\/api.w.org\/{rel}","templated":true}]}}