{"id":33405,"date":"2024-05-09T17:23:44","date_gmt":"2024-05-09T20:23:44","guid":{"rendered":"https:\/\/chacosintesis.com.ar\/?p=33405"},"modified":"2024-05-09T17:26:25","modified_gmt":"2024-05-09T20:26:25","slug":"con-el-acompanamiento-del-ministerio-de-educacion-cuatro-listas-se-preparan-para-las-elecciones-en-la-escuela-del-barrio-toba","status":"publish","type":"post","link":"https:\/\/chacosintesis.com.ar\/index.php\/con-el-acompanamiento-del-ministerio-de-educacion-cuatro-listas-se-preparan-para-las-elecciones-en-la-escuela-del-barrio-toba\/","title":{"rendered":"Con el acompa\u00f1amiento del Ministerio de Educaci\u00f3n, cuatro listas se preparan para las elecciones en la escuela del barrio Toba"},"content":{"rendered":"<div class=\"postie-post\">El domingo 12 de mayo se llevar\u00e1n adelante las elecciones para la conformaci\u00f3n del Consejo Comunitario de la Escuela P\u00fablica de Gesti\u00f3n Comunitaria Biling\u00fce Intercultural Ind\u00edgena N\u00b0 1 del barrio Toba de Resistencia. En virtud de la decisi\u00f3n del Gobierno de la Provincia de acompa\u00f1ar la regulaci\u00f3n de estos \u00f3rganos de cogobierno escolar, la subsecretaria de Interculturalidad y Pluriling\u00fcismo, Vilma Coria, junto a los miembros de la Junta Electoral, recibi\u00f3 el pasado viernes a los candidatos, apoderados legales y dem\u00e1s integrantes de las listas que se presentar\u00e1n en los comicios para llevar adelante una primera mesa de trabajo y organizaci\u00f3n del proceso eleccionario.<\/p>\n<p> Son cuatro las listas oficializadas para presentarse en estas elecciones, y en este primer encuentro estuvieron presentes los candidatos que encabezan cada una de ellas: Norma In\u00e9s Ojeda, Carlos N\u00fa\u00f1ez, Lidia Estrada y Luis L\u00f3pez. Particip\u00f3 tambi\u00e9n la asesora legal de la Regional 10 A, Mar\u00eda Concepci\u00f3n Fern\u00e1ndez. Cabe recordar que la Junta Electoral para las elecciones de la EPGCBII N\u00b01 del Barrio Toba est\u00e1 conformada por Humberto Dionicio Ojeda, como presidente, Miguel Mazza, como 1\u00ba vocal, y Marcia Elizabeth Lencinas, como 2\u00aa vocal. Esta Junta est\u00e1 encargada de confeccionar el padr\u00f3n electoral y recibir, por 5 d\u00edas, los reclamos de inclusiones y correcciones del mismo, tomando como padr\u00f3n provisorio el de la elecci\u00f3n celebrada en marzo de 2021 (los reclamos ser\u00e1n recibidos en la oficina de la Subsecretar\u00eda de Interculturalidad y Pluriling\u00fcismo, sita en Avenida San Mart\u00edn 333, 3\u00b0 Piso, ala B, de Resistencia, en el horario de 13 a 17). El padr\u00f3n definitivo ser\u00e1 confeccionado y publicado veinte d\u00edas antes de la elecci\u00f3n. La Junta est\u00e1 tambi\u00e9n encargada de designar a las autoridades de mesa, oficializar las boletas de sufragio, realizar el escrutinio definitivo, proclamar a las autoridades electas y todo otro tr\u00e1mite destinado a garantizar el proceso electoral, incluida la autorizaci\u00f3n a su presidente para representarla jur\u00eddicamente.<br \/>\nSobre los consejos comunitarios de la Educaci\u00f3n Biling\u00fce Intercultural Ind\u00edgena<br \/>\nLa Ley Provincial N\u00ba 7.446, por medio de la cual se crean las Escuelas P\u00fablicas de Gesti\u00f3n Comunitaria Biling\u00fce Intercultural Ind\u00edgena, en 2014, instituye la participaci\u00f3n directa de los tres pueblos ind\u00edgenas de Chaco en el gobierno de las instituciones educativas, a trav\u00e9s de su Consejo Comunitario. Son atribuciones de este \u00f3rgano gestionar, organizar y conducir el proyecto educativo comunitario, en coordinaci\u00f3n con la autoridad escolar; elegir al personal directivo; proponer el 50% del personal docente; proponer el personal administrativo, personal de maestranza y auxiliar, de acuerdo con las necesidades de servicio; designar a pedagogos ind\u00edgenas o sabios pertenecientes a la comunidad con conocimiento de la lengua y la cosmovisi\u00f3n; elaborar el proyecto educativo en el marco de la pedagog\u00eda biling\u00fce intercultural y la normativa vigente; disponer sobre la utilizaci\u00f3n del edificio escolar, entre otras. Adem\u00e1s, es responsable de la gesti\u00f3n de los establecimientos en forma conjunta con la autoridad escolar; debe cumplir con la normativa y los lineamientos de la pol\u00edtica educativa nacional y provincial; ofrecer servicios educativos de calidad que respondan a las necesidades de la comunidad; brindar toda la informaci\u00f3n necesaria para la supervisi\u00f3n pedag\u00f3gica, administrativa y contable al Ministerio de Educaci\u00f3n; asumir responsabilidad \u00e9tica, social, cultural y pedag\u00f3gica; matricular, evaluar y emitir certificados con validez provincial y nacional conforme con la normativa vigente; promover, organizar e impartir capacitaci\u00f3n y formaci\u00f3n docente espec\u00edfica para cada nivel educativo de la instituci\u00f3n en el marco de la normativa establecida por el Ministerio de Educaci\u00f3n. El Consejo Comunitario se rige por el reglamento interno y est\u00e1 integrado por un m\u00ednimo de 7 y un m\u00e1ximo de 15 miembros de la comunidad, durando 2 a\u00f1os en sus funciones, pudiendo ser reelegidos por no m\u00e1s de un per\u00edodo consecutivo.<\/p><\/div>\n","protected":false},"excerpt":{"rendered":"<p>El domingo 12 de mayo se llevar\u00e1n adelante las elecciones para la conformaci\u00f3n del Consejo Comunitario de la Escuela P\u00fablica de Gesti\u00f3n Comunitaria Biling\u00fce Intercultural Ind\u00edgena N\u00b0 1 del barrio Toba de Resistencia. En virtud de la decisi\u00f3n del Gobierno de la Provincia de acompa\u00f1ar la regulaci\u00f3n de estos \u00f3rganos de cogobierno escolar, la subsecretaria [&hellip;]<\/p>\n","protected":false},"author":1,"featured_media":33406,"comment_status":"closed","ping_status":"closed","sticky":false,"template":"","format":"standard","meta":{"footnotes":""},"categories":[6],"tags":[],"class_list":{"0":"post-33405","1":"post","2":"type-post","3":"status-publish","4":"format-standard","5":"has-post-thumbnail","7":"category-chaco"},"_links":{"self":[{"href":"https:\/\/chacosintesis.com.ar\/index.php\/wp-json\/wp\/v2\/posts\/33405","targetHints":{"allow":["GET"]}}],"collection":[{"href":"https:\/\/chacosintesis.com.ar\/index.php\/wp-json\/wp\/v2\/posts"}],"about":[{"href":"https:\/\/chacosintesis.com.ar\/index.php\/wp-json\/wp\/v2\/types\/post"}],"author":[{"embeddable":true,"href":"https:\/\/chacosintesis.com.ar\/index.php\/wp-json\/wp\/v2\/users\/1"}],"replies":[{"embeddable":true,"href":"https:\/\/chacosintesis.com.ar\/index.php\/wp-json\/wp\/v2\/comments?post=33405"}],"version-history":[{"count":0,"href":"https:\/\/chacosintesis.com.ar\/index.php\/wp-json\/wp\/v2\/posts\/33405\/revisions"}],"wp:featuredmedia":[{"embeddable":true,"href":"https:\/\/chacosintesis.com.ar\/index.php\/wp-json\/wp\/v2\/media\/33406"}],"wp:attachment":[{"href":"https:\/\/chacosintesis.com.ar\/index.php\/wp-json\/wp\/v2\/media?parent=33405"}],"wp:term":[{"taxonomy":"category","embeddable":true,"href":"https:\/\/chacosintesis.com.ar\/index.php\/wp-json\/wp\/v2\/categories?post=33405"},{"taxonomy":"post_tag","embeddable":true,"href":"https:\/\/chacosintesis.com.ar\/index.php\/wp-json\/wp\/v2\/tags?post=33405"}],"curies":[{"name":"wp","href":"https:\/\/api.w.org\/{rel}","templated":true}]}}