{"id":33399,"date":"2024-05-09T13:04:57","date_gmt":"2024-05-09T16:04:57","guid":{"rendered":"https:\/\/chacosintesis.com.ar\/?p=33399"},"modified":"2024-05-09T13:06:45","modified_gmt":"2024-05-09T16:06:45","slug":"decision-politica-en-pocos-meses-de-gestion-zdero-prohibe-los-celulares-a-los-presos","status":"publish","type":"post","link":"https:\/\/chacosintesis.com.ar\/index.php\/decision-politica-en-pocos-meses-de-gestion-zdero-prohibe-los-celulares-a-los-presos\/","title":{"rendered":"Decisi\u00f3n pol\u00edtica: en pocos meses de gesti\u00f3n, Zdero proh\u00edbe los celulares a los presos"},"content":{"rendered":"<div class=\"postie-post\">Con la aprobaci\u00f3n legislativa de la limitaci\u00f3n del uso de celulares a los presos, se concret\u00f3 una decisi\u00f3n pol\u00edtica del gobernador Leandro Zdero de terminar con los beneficios de los que gozaban los presos dentro de los propios establecimientos carcelarios.<\/p>\n<p>Alcanza con recordar que la iniciativa que se convirti\u00f3 en ley ayer, ya fue aprobada con anterioridad por iniciativa del radicalismo y vetada por quien era Gobernador en ese momento, Jorge Capitanich.<\/p>\n<p> La postura de Zdero, con pulso firme, claramente opuesta a la decisi\u00f3n de la anterior gesti\u00f3n, tiene sus bases en la fuerte lucha contra la inseguridad que se viene encarando desde el Gobierno Provincial con datos concretos sobre el incremento de delitos telef\u00f3nicos desde adentro de las c\u00e1rceles.<\/p>\n<p> El impulso del Gobernador Zdero se basa en la propia convicci\u00f3n y tambi\u00e9n es un reclamo de la sociedad que cuestionaba seriamente la comisi\u00f3n de delitos como estafa, venta de drogas y grooming por parte de detenidos que se valen de los dispositivos m\u00f3viles para delinquir.<br \/>\nPalabra cumplida<br \/>\nEn su mensaje al Poder Legislativo del 1 de marzo, en la apertura del per\u00edodo de sesiones ordinarias, el propio Gobernador hab\u00eda dicho:<br \/>\n&#8220;Voy a cumplir con lo prometido en campa\u00f1a y la pr\u00f3xima semana remitir\u00e9 un proyecto de ley a esta legislatura para prohibir el uso liberado de telefon\u00eda celular e internet en todos los centros de detenci\u00f3n, sumado a la colocaci\u00f3n de inhibidores de se\u00f1al telef\u00f3nica, para que el detenido solo tenga contacto exclusivamente con sus familiares y abogado. Ley que vet\u00f3 mi antecesor&#8221;.<\/p>\n<p> \u201cEn este punto, tengo la decisi\u00f3n de avanzar&#8221;, expres\u00f3 solicitando que se d\u00e9 tratamiento preferencial a la iniciativa, lo que finalmente se concret\u00f3 en la sesi\u00f3n de ayer.<\/p><\/div>\n","protected":false},"excerpt":{"rendered":"<p>Con la aprobaci\u00f3n legislativa de la limitaci\u00f3n del uso de celulares a los presos, se concret\u00f3 una decisi\u00f3n pol\u00edtica del gobernador Leandro Zdero de terminar con los beneficios de los que gozaban los presos dentro de los propios establecimientos carcelarios. Alcanza con recordar que la iniciativa que se convirti\u00f3 en ley ayer, ya fue aprobada [&hellip;]<\/p>\n","protected":false},"author":1,"featured_media":33400,"comment_status":"closed","ping_status":"closed","sticky":false,"template":"","format":"standard","meta":{"footnotes":""},"categories":[6],"tags":[],"class_list":{"0":"post-33399","1":"post","2":"type-post","3":"status-publish","4":"format-standard","5":"has-post-thumbnail","7":"category-chaco"},"_links":{"self":[{"href":"https:\/\/chacosintesis.com.ar\/index.php\/wp-json\/wp\/v2\/posts\/33399","targetHints":{"allow":["GET"]}}],"collection":[{"href":"https:\/\/chacosintesis.com.ar\/index.php\/wp-json\/wp\/v2\/posts"}],"about":[{"href":"https:\/\/chacosintesis.com.ar\/index.php\/wp-json\/wp\/v2\/types\/post"}],"author":[{"embeddable":true,"href":"https:\/\/chacosintesis.com.ar\/index.php\/wp-json\/wp\/v2\/users\/1"}],"replies":[{"embeddable":true,"href":"https:\/\/chacosintesis.com.ar\/index.php\/wp-json\/wp\/v2\/comments?post=33399"}],"version-history":[{"count":0,"href":"https:\/\/chacosintesis.com.ar\/index.php\/wp-json\/wp\/v2\/posts\/33399\/revisions"}],"wp:featuredmedia":[{"embeddable":true,"href":"https:\/\/chacosintesis.com.ar\/index.php\/wp-json\/wp\/v2\/media\/33400"}],"wp:attachment":[{"href":"https:\/\/chacosintesis.com.ar\/index.php\/wp-json\/wp\/v2\/media?parent=33399"}],"wp:term":[{"taxonomy":"category","embeddable":true,"href":"https:\/\/chacosintesis.com.ar\/index.php\/wp-json\/wp\/v2\/categories?post=33399"},{"taxonomy":"post_tag","embeddable":true,"href":"https:\/\/chacosintesis.com.ar\/index.php\/wp-json\/wp\/v2\/tags?post=33399"}],"curies":[{"name":"wp","href":"https:\/\/api.w.org\/{rel}","templated":true}]}}