{"id":33383,"date":"2024-05-09T12:51:35","date_gmt":"2024-05-09T15:51:35","guid":{"rendered":"http:\/\/chacosintesis.com.ar\/?p=33383"},"modified":"2024-05-09T12:52:48","modified_gmt":"2024-05-09T15:52:48","slug":"saenz-pena-el-coral-termal-presenta-la-2-velada-folclorica","status":"publish","type":"post","link":"https:\/\/chacosintesis.com.ar\/index.php\/saenz-pena-el-coral-termal-presenta-la-2-velada-folclorica\/","title":{"rendered":"S\u00e0enz Pe\u00f1a: El Coral Termal presenta la 2\u00b0 Velada Folcl\u00f3rica"},"content":{"rendered":"<div class=\"postie-post\">Esta ma\u00f1ana en conferencia de prensa en Casa de Cultura se brindaron detalles de la segunda velada Folcl\u00f3rica que se llevar\u00e1 a cabo ma\u00f1ana viernes 10 de mayo en el casa de Cultura, ubicado en calle 12 y 9.<\/p>\n<p>En esta oportunidad estuvieron  la  directora de la Escuela de Casa de Cultura, Silvia Sobol, la directora del Coral Termal Mar\u00eda Rosa Cantora y el codirector An\u00edbal.<\/p>\n<p> La velada tendr\u00e1 lugar este viernes 10 de mayo a partir de las 21:30 en Casa de Cultura ubicado en calle 12 y 9 centro, el mismo tiene como objetivo recaudar fondos para que el Coro pueda participar en el mes de noviembre del Encuentro de  Coros en la provincia de C\u00f3rdoba.<\/p>\n<p> De la velada Folcl\u00f3rica estar\u00e1n participando el Balet Municipal Menoldo Diaz, Miguel Wiernes, y un cierre musical con Sergio Fonteina y los Paisanos, entre otros.<\/p>\n<p> Las entradas anticipadas est\u00e1n a la venta en Casa de Cultura, calle 12 esquina 9 a un valor de $2.000, en boleter\u00eda tendr\u00e1 un costo de $2.500<\/p>\n<p>Est\u00e1n todos invitados  para compartir una noche musical y cultural magn\u00edfica. Habr\u00e1 servicio de cantina&#8221;, finalizaron.<\/p><\/div>\n","protected":false},"excerpt":{"rendered":"<p>Esta ma\u00f1ana en conferencia de prensa en Casa de Cultura se brindaron detalles de la segunda velada Folcl\u00f3rica que se llevar\u00e1 a cabo ma\u00f1ana viernes 10 de mayo en el casa de Cultura, ubicado en calle 12 y 9. En esta oportunidad estuvieron la directora de la Escuela de Casa de Cultura, Silvia Sobol, la [&hellip;]<\/p>\n","protected":false},"author":1,"featured_media":33384,"comment_status":"closed","ping_status":"closed","sticky":false,"template":"","format":"standard","meta":{"footnotes":""},"categories":[6],"tags":[],"class_list":{"0":"post-33383","1":"post","2":"type-post","3":"status-publish","4":"format-standard","5":"has-post-thumbnail","7":"category-chaco"},"_links":{"self":[{"href":"https:\/\/chacosintesis.com.ar\/index.php\/wp-json\/wp\/v2\/posts\/33383","targetHints":{"allow":["GET"]}}],"collection":[{"href":"https:\/\/chacosintesis.com.ar\/index.php\/wp-json\/wp\/v2\/posts"}],"about":[{"href":"https:\/\/chacosintesis.com.ar\/index.php\/wp-json\/wp\/v2\/types\/post"}],"author":[{"embeddable":true,"href":"https:\/\/chacosintesis.com.ar\/index.php\/wp-json\/wp\/v2\/users\/1"}],"replies":[{"embeddable":true,"href":"https:\/\/chacosintesis.com.ar\/index.php\/wp-json\/wp\/v2\/comments?post=33383"}],"version-history":[{"count":0,"href":"https:\/\/chacosintesis.com.ar\/index.php\/wp-json\/wp\/v2\/posts\/33383\/revisions"}],"wp:featuredmedia":[{"embeddable":true,"href":"https:\/\/chacosintesis.com.ar\/index.php\/wp-json\/wp\/v2\/media\/33384"}],"wp:attachment":[{"href":"https:\/\/chacosintesis.com.ar\/index.php\/wp-json\/wp\/v2\/media?parent=33383"}],"wp:term":[{"taxonomy":"category","embeddable":true,"href":"https:\/\/chacosintesis.com.ar\/index.php\/wp-json\/wp\/v2\/categories?post=33383"},{"taxonomy":"post_tag","embeddable":true,"href":"https:\/\/chacosintesis.com.ar\/index.php\/wp-json\/wp\/v2\/tags?post=33383"}],"curies":[{"name":"wp","href":"https:\/\/api.w.org\/{rel}","templated":true}]}}