{"id":33375,"date":"2024-05-09T09:24:04","date_gmt":"2024-05-09T12:24:04","guid":{"rendered":"https:\/\/chacosintesis.com.ar\/?p=33375"},"modified":"2024-05-09T09:26:07","modified_gmt":"2024-05-09T12:26:07","slug":"matkovich-manifesto-su-satisfaccion-por-la-aprobacion-de-la-ley-que-limita-el-uso-de-celulares-carceles-y-comisarias-del-chaco","status":"publish","type":"post","link":"https:\/\/chacosintesis.com.ar\/index.php\/matkovich-manifesto-su-satisfaccion-por-la-aprobacion-de-la-ley-que-limita-el-uso-de-celulares-carceles-y-comisarias-del-chaco\/","title":{"rendered":"Matkovich manifest\u00f3 su satisfacci\u00f3n por la aprobaci\u00f3n de la ley que limita el uso de celulares carceles y comisarias del Chaco"},"content":{"rendered":"<div class=\"postie-post\">El titular de la cartera de Seguridad Provincial, Dr. Hugo Matkovich expres\u00f3 su satisfacci\u00f3n por la ley aprobada este mi\u00e9rcoles por la Legislatura Provincial, normativa que limitar\u00e1 el uso de  telefon\u00eda celular por parte de personas alojadas en penitenciarias y lugares de detenci\u00f3n.<\/p>\n<p>El ministro de Seguridad se\u00f1al\u00f3 que &#8220;la sanci\u00f3n de esta ley le otorgar\u00e1 a la justicia provincial una herramienta sumamente importante por lo que limitando las comunicaciones telef\u00f3nicas desde el interior de los centros de detenci\u00f3n por parte de los internos lograremos frenar a la gran cantidad de hechos delictivos que suceden en la actualidad&#8221;.<\/p>\n<p>Matkovich resalt\u00f3 que &#8220;con este tipo de acciones, la gesti\u00f3n del gobernador Zdero pone de manifiesto que estamos realizando nada m\u00e1s ni nada menos lo que se prometi\u00f3 al momento de asumir, trabajamos para lograr entre todos un Chaco m\u00e1s seguro&#8221; puntualiz\u00f3.<\/p><\/div>\n","protected":false},"excerpt":{"rendered":"<p>El titular de la cartera de Seguridad Provincial, Dr. Hugo Matkovich expres\u00f3 su satisfacci\u00f3n por la ley aprobada este mi\u00e9rcoles por la Legislatura Provincial, normativa que limitar\u00e1 el uso de telefon\u00eda celular por parte de personas alojadas en penitenciarias y lugares de detenci\u00f3n. El ministro de Seguridad se\u00f1al\u00f3 que &#8220;la sanci\u00f3n de esta ley le [&hellip;]<\/p>\n","protected":false},"author":1,"featured_media":33376,"comment_status":"closed","ping_status":"closed","sticky":false,"template":"","format":"standard","meta":{"footnotes":""},"categories":[6],"tags":[],"class_list":{"0":"post-33375","1":"post","2":"type-post","3":"status-publish","4":"format-standard","5":"has-post-thumbnail","7":"category-chaco"},"_links":{"self":[{"href":"https:\/\/chacosintesis.com.ar\/index.php\/wp-json\/wp\/v2\/posts\/33375","targetHints":{"allow":["GET"]}}],"collection":[{"href":"https:\/\/chacosintesis.com.ar\/index.php\/wp-json\/wp\/v2\/posts"}],"about":[{"href":"https:\/\/chacosintesis.com.ar\/index.php\/wp-json\/wp\/v2\/types\/post"}],"author":[{"embeddable":true,"href":"https:\/\/chacosintesis.com.ar\/index.php\/wp-json\/wp\/v2\/users\/1"}],"replies":[{"embeddable":true,"href":"https:\/\/chacosintesis.com.ar\/index.php\/wp-json\/wp\/v2\/comments?post=33375"}],"version-history":[{"count":0,"href":"https:\/\/chacosintesis.com.ar\/index.php\/wp-json\/wp\/v2\/posts\/33375\/revisions"}],"wp:featuredmedia":[{"embeddable":true,"href":"https:\/\/chacosintesis.com.ar\/index.php\/wp-json\/wp\/v2\/media\/33376"}],"wp:attachment":[{"href":"https:\/\/chacosintesis.com.ar\/index.php\/wp-json\/wp\/v2\/media?parent=33375"}],"wp:term":[{"taxonomy":"category","embeddable":true,"href":"https:\/\/chacosintesis.com.ar\/index.php\/wp-json\/wp\/v2\/categories?post=33375"},{"taxonomy":"post_tag","embeddable":true,"href":"https:\/\/chacosintesis.com.ar\/index.php\/wp-json\/wp\/v2\/tags?post=33375"}],"curies":[{"name":"wp","href":"https:\/\/api.w.org\/{rel}","templated":true}]}}