{"id":33346,"date":"2024-05-08T20:53:32","date_gmt":"2024-05-08T23:53:32","guid":{"rendered":"http:\/\/chacosintesis.com.ar\/?p=33346"},"modified":"2024-05-08T20:56:14","modified_gmt":"2024-05-08T23:56:14","slug":"el-gobernador-zdero-entrego-viviendas-a-familias-en-machagai","status":"publish","type":"post","link":"https:\/\/chacosintesis.com.ar\/index.php\/el-gobernador-zdero-entrego-viviendas-a-familias-en-machagai\/","title":{"rendered":"El gobernador Zdero entreg\u00f3 viviendas a familias en Machagai"},"content":{"rendered":"<div class=\"postie-post\">Se trata de viviendas recuperadas que estaban vandalizadas y en estado de abandono. &#8220;La semana pasada se recuperaron 100 viviendas en Castelli, vamos generando esta maquinaria que se va a ir reactivando para que las personas puedan acceder al derecho a una vivienda digna\u201d, asegur\u00f3 el gobernador Zdero.<\/p>\n<p>El gobernador Leandro Zdero entreg\u00f3, este jueves en Machagai, 15 viviendas destinadas a familias de personas con discapacidad. Se trata de obras concretadas a trav\u00e9s del Instituto Provincial de Desarrollo Urbano y Vivienda (IPDUV) que se encontraban vandalizadas y en estado de abandono. \u201cSon 15 familias beneficiadas gracias al esfuerzo y el trabajo\u201d, se\u00f1al\u00f3 el mandatario provincial.<\/p>\n<p> En esa l\u00ednea el mandatario record\u00f3 que la semana pasada se recuperaron 100 viviendas en Juan Jos\u00e9 Castelli, a las que se suman a estas 15. \u201cVamos a seguir avanzando con otros planes de viviendas que ya estamos terminando y adem\u00e1s estamos concluyendo con el pago de una deuda muy grande que ten\u00eda el Instituto de Vivienda con proveedores\u201d, dijo.<\/p>\n<p> \u201cDe a poco vamos generando esta maquinaria que se va a ir reactivando, en la medida de las posibilidades que contemos con los recursos, para que las personas puedan acceder al derecho a una vivienda digna\u201d, agreg\u00f3.<\/p>\n<p>Asimismo explic\u00f3 que, debido a la detecci\u00f3n de irregularidades en el sorteo realizado en la gesti\u00f3n del gobierno pasado, se debi\u00f3 volver a realizar el sorteo de estas viviendas para garantizar igualdad de oportunidades. \u201cPor eso trabajamos en recuperarlas, porque eran viviendas que fueron vandalizadas, que ten\u00edan cosas por reparar y terminar\u201d, destac\u00f3.<\/p>\n<p>El presidente del IPDUV Fernando Berecoechea celebr\u00f3 la concreci\u00f3n de la obra que llevaba mucho tiempo paralizada y adelant\u00f3 que en mayo continuar\u00e1n las  entregas de viviendas en El Palmar y Barranqueras. &#8220;Es el resultado del trabajo de cinco meses de gesti\u00f3n, desde la primera semana trabajos en la identificaci\u00f3n y culminaci\u00f3n de las obras que faltaban terminar, estamos trabajando para reparar las injusticias cometidas los \u00faltimos a\u00f1os&#8221;, sostuvo.<\/p>\n<p>Asimismo, el intendente Juan Manuel Garc\u00eda agradeci\u00f3 el compromiso del gobierno por \u201ccumplir el sue\u00f1o de 15 familias que pudieron acceder al techo propio\u201d.<\/p>\n<p> Participaron tambi\u00e9n la secretaria de Municipios Gabriela Galarza; el presidente del Instituto del Deporte Chaque\u00f1o Fabio Vazquez; los vocales de IPDUV, Daniel Monti y Diego Guti\u00e9rrez y los intendentes de Machagai, Juan Manuel Garc\u00eda y de Quitilipi, Ariel Lovey.<\/p><\/div>\n","protected":false},"excerpt":{"rendered":"<p>Se trata de viviendas recuperadas que estaban vandalizadas y en estado de abandono. &#8220;La semana pasada se recuperaron 100 viviendas en Castelli, vamos generando esta maquinaria que se va a ir reactivando para que las personas puedan acceder al derecho a una vivienda digna\u201d, asegur\u00f3 el gobernador Zdero. El gobernador Leandro Zdero entreg\u00f3, este jueves [&hellip;]<\/p>\n","protected":false},"author":1,"featured_media":33347,"comment_status":"closed","ping_status":"closed","sticky":false,"template":"","format":"standard","meta":{"footnotes":""},"categories":[6],"tags":[],"class_list":{"0":"post-33346","1":"post","2":"type-post","3":"status-publish","4":"format-standard","5":"has-post-thumbnail","7":"category-chaco"},"_links":{"self":[{"href":"https:\/\/chacosintesis.com.ar\/index.php\/wp-json\/wp\/v2\/posts\/33346","targetHints":{"allow":["GET"]}}],"collection":[{"href":"https:\/\/chacosintesis.com.ar\/index.php\/wp-json\/wp\/v2\/posts"}],"about":[{"href":"https:\/\/chacosintesis.com.ar\/index.php\/wp-json\/wp\/v2\/types\/post"}],"author":[{"embeddable":true,"href":"https:\/\/chacosintesis.com.ar\/index.php\/wp-json\/wp\/v2\/users\/1"}],"replies":[{"embeddable":true,"href":"https:\/\/chacosintesis.com.ar\/index.php\/wp-json\/wp\/v2\/comments?post=33346"}],"version-history":[{"count":0,"href":"https:\/\/chacosintesis.com.ar\/index.php\/wp-json\/wp\/v2\/posts\/33346\/revisions"}],"wp:featuredmedia":[{"embeddable":true,"href":"https:\/\/chacosintesis.com.ar\/index.php\/wp-json\/wp\/v2\/media\/33347"}],"wp:attachment":[{"href":"https:\/\/chacosintesis.com.ar\/index.php\/wp-json\/wp\/v2\/media?parent=33346"}],"wp:term":[{"taxonomy":"category","embeddable":true,"href":"https:\/\/chacosintesis.com.ar\/index.php\/wp-json\/wp\/v2\/categories?post=33346"},{"taxonomy":"post_tag","embeddable":true,"href":"https:\/\/chacosintesis.com.ar\/index.php\/wp-json\/wp\/v2\/tags?post=33346"}],"curies":[{"name":"wp","href":"https:\/\/api.w.org\/{rel}","templated":true}]}}