{"id":33333,"date":"2024-05-08T18:01:07","date_gmt":"2024-05-08T21:01:07","guid":{"rendered":"https:\/\/chacosintesis.com.ar\/?p=33333"},"modified":"2024-05-08T18:01:42","modified_gmt":"2024-05-08T21:01:42","slug":"el-gobernador-zdero-acompano-la-puesta-en-funciones-de-la-fiscalia-de-investigacion-rural-y-ambiental-de-machagai","status":"publish","type":"post","link":"https:\/\/chacosintesis.com.ar\/index.php\/el-gobernador-zdero-acompano-la-puesta-en-funciones-de-la-fiscalia-de-investigacion-rural-y-ambiental-de-machagai\/","title":{"rendered":"El gobernador Zdero acompa\u00f1\u00f3 la puesta en funciones de la fiscal\u00eda de investigaci\u00f3n rural y ambiental de Machagai"},"content":{"rendered":"<div class=\"postie-post\">El gobernador Leandro Zdero acompa\u00f1\u00f3, este mi\u00e9rcoles, la inauguraci\u00f3n y puesta en funcionamiento de la Fiscal\u00eda de Investigaci\u00f3n Rural y Ambiental de la II Circunscripci\u00f3n Judicial en Machagai. En el acto se tom\u00f3 juramento y puso en funciones a la doctora Maria Emilia Rudaz como Fiscal de Investigaci\u00f3n Rural y Ambiental. \u201cEsto viene a solucionar un reclamo apremiante de los productores, garantizando la seguridad rural y el cuidado del medio ambiente en esta zona\u201d, asegur\u00f3.<\/p>\n<p> En ese contexto destac\u00f3 la importancia de la puesta en funcionamiento de esta Fiscal\u00eda como una instituci\u00f3n clave para cumplir con una de las demandas hist\u00f3ricas de los productores de la zona. \u201cEs muy bueno poder avanzar con m\u00e1s seguridad, esa mirada especial para resolver un conflicto que era un grito desesperado de nuestros productores\u201d, sostuvo y resalt\u00f3 el trabajo mancomunado de los poderes Ejecutivo, Legislativo y Judicial, en articulaci\u00f3n con la sociedad civil, entidades y productores que hicieron posible su puesta en marcha.<\/p>\n<p>De esta manera remarc\u00f3 la importancia de esta iniciativa que apunta a seguir sumando herramientas para la \u00f3ptima prestaci\u00f3n del servicio de Justicia con fiscal\u00edas focalizadas en temas de delitos rurales y ambientales. \u201cHe recorrido la provincia y estrechado muchas manos de productores, comprendo el gran esfuerzo que implica el trabajo de sol a sol para salir adelante, trabajo que muchas veces se ve vandalizado y se pierde por un delito, por eso es clave la presencia de la Justicia para resolver estos problemas, a quienes atenten contra el esfuerzo de nuestros productores, la Justicia estar\u00e1 presente y se les aplicar\u00e1 todo el rigor de la ley\u201d, afirm\u00f3.<br \/>\n <img decoding=\"async\" src=\"data:image\/gif;base64,R0lGODlhAQABAIAAAAAAAP\/\/\/ywAAAAAAQABAAACAUwAOw==\" fifu-lazy=\"1\" fifu-data-sizes=\"auto\" fifu-data-srcset=\"https:\/\/i0.wp.com\/chacosintesis.com.ar\/wp-content\/uploads\/2024\/05\/WhatsApp-Image-2024-05-08-at-14.51.36-800x533.jpeg?ssl=1&w=75&resize=75&ssl=1 75w, https:\/\/i0.wp.com\/chacosintesis.com.ar\/wp-content\/uploads\/2024\/05\/WhatsApp-Image-2024-05-08-at-14.51.36-800x533.jpeg?ssl=1&w=100&resize=100&ssl=1 100w, https:\/\/i0.wp.com\/chacosintesis.com.ar\/wp-content\/uploads\/2024\/05\/WhatsApp-Image-2024-05-08-at-14.51.36-800x533.jpeg?ssl=1&w=150&resize=150&ssl=1 150w, https:\/\/i0.wp.com\/chacosintesis.com.ar\/wp-content\/uploads\/2024\/05\/WhatsApp-Image-2024-05-08-at-14.51.36-800x533.jpeg?ssl=1&w=240&resize=240&ssl=1 240w, https:\/\/i0.wp.com\/chacosintesis.com.ar\/wp-content\/uploads\/2024\/05\/WhatsApp-Image-2024-05-08-at-14.51.36-800x533.jpeg?ssl=1&w=320&resize=320&ssl=1 320w, https:\/\/i0.wp.com\/chacosintesis.com.ar\/wp-content\/uploads\/2024\/05\/WhatsApp-Image-2024-05-08-at-14.51.36-800x533.jpeg?ssl=1&w=500&resize=500&ssl=1 500w, https:\/\/i0.wp.com\/chacosintesis.com.ar\/wp-content\/uploads\/2024\/05\/WhatsApp-Image-2024-05-08-at-14.51.36-800x533.jpeg?ssl=1&w=640&resize=640&ssl=1 640w, https:\/\/i0.wp.com\/chacosintesis.com.ar\/wp-content\/uploads\/2024\/05\/WhatsApp-Image-2024-05-08-at-14.51.36-800x533.jpeg?ssl=1&w=800&resize=800&ssl=1 800w, https:\/\/i0.wp.com\/chacosintesis.com.ar\/wp-content\/uploads\/2024\/05\/WhatsApp-Image-2024-05-08-at-14.51.36-800x533.jpeg?ssl=1&w=1024&resize=1024&ssl=1 1024w, https:\/\/i0.wp.com\/chacosintesis.com.ar\/wp-content\/uploads\/2024\/05\/WhatsApp-Image-2024-05-08-at-14.51.36-800x533.jpeg?ssl=1&w=1280&resize=1280&ssl=1 1280w, https:\/\/i0.wp.com\/chacosintesis.com.ar\/wp-content\/uploads\/2024\/05\/WhatsApp-Image-2024-05-08-at-14.51.36-800x533.jpeg?ssl=1&w=1600&resize=1600&ssl=1 1600w\" fifu-data-src=\"https:\/\/i0.wp.com\/chacosintesis.com.ar\/wp-content\/uploads\/2024\/05\/WhatsApp-Image-2024-05-08-at-14.51.36-800x533.jpeg?ssl=1\" alt=\"\" width=\"800px\" height=\"533px\" class=\"alignnone size-medium wp-image-33335\" \/><\/p>\n<p>En esa l\u00ednea record\u00f3 que el gobierno logr\u00f3 poner fin a los cortes de ruta y calles que afectaban a los productores. &#8220;Tomamos la decisi\u00f3n de garantizar la libre circulaci\u00f3n por las rutas, porque este era un territorio que se hab\u00eda convertido en tierra de nadie, donde la gente no pod\u00eda transitar con seguridad. Hemos puesto fin a esa situaci\u00f3n y ahora los chaque\u00f1os pueden circular libremente\u201d, resalt\u00f3. \u201cAhora debemos mantenernos unidos, trabajar, espalda con espalda con todos los poderes del Estado, para que el peso de la ley caiga sobre los que delinquen. Y es el Estado y sus poderes el que tiene que garantizar la seguridad para todos los chaque\u00f1os\u201d, agreg\u00f3 y deseo \u00e9xitos en sus funciones a las doctoras Maria Emilia Rudaz y a Noelia Mi\u00f1o, al frente de las Fiscal\u00edas de Investigaci\u00f3n Rural de Machagai y General San Mart\u00edn.<\/p>\n<p>Participaron del acto el presidente del Superior Tribunal de Justicia, V\u00edctor Emilio del R\u00edo, las juezas del m\u00e1ximo tribunal chaque\u00f1o, Emilia Mar\u00eda Valle, Nestro Enrique Varela e Idide Isabel Grillo. Tambi\u00e9n estuvieron el intendente de Machagai, el procurador adjunto Hugo Miguel Fonteina, el ministro de Gobierno, Justicia, Trabajo y Derechos Humanos, Jorge Fernando Gomez, la nueva Fiscal de Investigaci\u00f3n Rural y Ambiental de Machagai, Maria Emilia Rudaz y su par de General San Martin, Noelia Mi\u00f1o.<\/p>\n<p> Por su parte, la fiscal Mar\u00eda Emilia Rudaz que acaba de asumir como nueva Fiscal de Investigaci\u00f3n Rural y Ambiental, destac\u00f3 que la puesta en funciones de esta instituci\u00f3n responde a una necesidad muy esperada por la comunidad, dadas las problem\u00e1ticas delictivas en las zonas rurales.  \u201cEl objetivo es hacer frente a la problem\u00e1tica delictiva en el \u00e1mbito rural y ambiental de la regi\u00f3n\u201d, dijo la fiscal y se\u00f1al\u00f3 que se trabaja en la coordinaci\u00f3n y articulaci\u00f3n con la Polic\u00eda Rural, que a la vez est\u00e1 siendo capacitada, para optimizar su tarea como brazo operativo que asiste al sistema judicial.<\/p><\/div>\n","protected":false},"excerpt":{"rendered":"<p>El gobernador Leandro Zdero acompa\u00f1\u00f3, este mi\u00e9rcoles, la inauguraci\u00f3n y puesta en funcionamiento de la Fiscal\u00eda de Investigaci\u00f3n Rural y Ambiental de la II Circunscripci\u00f3n Judicial en Machagai. En el acto se tom\u00f3 juramento y puso en funciones a la doctora Maria Emilia Rudaz como Fiscal de Investigaci\u00f3n Rural y Ambiental. \u201cEsto viene a solucionar [&hellip;]<\/p>\n","protected":false},"author":1,"featured_media":33334,"comment_status":"closed","ping_status":"closed","sticky":false,"template":"","format":"standard","meta":{"footnotes":""},"categories":[6],"tags":[],"class_list":{"0":"post-33333","1":"post","2":"type-post","3":"status-publish","4":"format-standard","5":"has-post-thumbnail","7":"category-chaco"},"_links":{"self":[{"href":"https:\/\/chacosintesis.com.ar\/index.php\/wp-json\/wp\/v2\/posts\/33333","targetHints":{"allow":["GET"]}}],"collection":[{"href":"https:\/\/chacosintesis.com.ar\/index.php\/wp-json\/wp\/v2\/posts"}],"about":[{"href":"https:\/\/chacosintesis.com.ar\/index.php\/wp-json\/wp\/v2\/types\/post"}],"author":[{"embeddable":true,"href":"https:\/\/chacosintesis.com.ar\/index.php\/wp-json\/wp\/v2\/users\/1"}],"replies":[{"embeddable":true,"href":"https:\/\/chacosintesis.com.ar\/index.php\/wp-json\/wp\/v2\/comments?post=33333"}],"version-history":[{"count":0,"href":"https:\/\/chacosintesis.com.ar\/index.php\/wp-json\/wp\/v2\/posts\/33333\/revisions"}],"wp:featuredmedia":[{"embeddable":true,"href":"https:\/\/chacosintesis.com.ar\/index.php\/wp-json\/wp\/v2\/media\/33334"}],"wp:attachment":[{"href":"https:\/\/chacosintesis.com.ar\/index.php\/wp-json\/wp\/v2\/media?parent=33333"}],"wp:term":[{"taxonomy":"category","embeddable":true,"href":"https:\/\/chacosintesis.com.ar\/index.php\/wp-json\/wp\/v2\/categories?post=33333"},{"taxonomy":"post_tag","embeddable":true,"href":"https:\/\/chacosintesis.com.ar\/index.php\/wp-json\/wp\/v2\/tags?post=33333"}],"curies":[{"name":"wp","href":"https:\/\/api.w.org\/{rel}","templated":true}]}}