{"id":33325,"date":"2024-05-08T17:52:08","date_gmt":"2024-05-08T20:52:08","guid":{"rendered":"http:\/\/chacosintesis.com.ar\/?p=33325"},"modified":"2024-05-08T17:56:15","modified_gmt":"2024-05-08T20:56:15","slug":"el-intendente-de-quitilipi-no-sabemos-si-el-defensor-oficial-esta-del-lado-de-los-delincuentes-o-de-la-gente-de-bien","status":"publish","type":"post","link":"https:\/\/chacosintesis.com.ar\/index.php\/el-intendente-de-quitilipi-no-sabemos-si-el-defensor-oficial-esta-del-lado-de-los-delincuentes-o-de-la-gente-de-bien\/","title":{"rendered":"El intendente de Quitilipi: &#8220;No sabemos si el defensor oficial est\u00e1 del lado de los delincuentes o de la gente de bien&#8221;"},"content":{"rendered":"<div class=\"postie-post\">Sobre el polic\u00eda pesa un recurso de h\u00e1beas corpus colectivo, correctivo y preventivo por liderar supuestas &#8220;razzias&#8221; y apresar a &#8220;ciudadanos vulnerables socialmente&#8221;.<\/p>\n<p> Luego de conocerse el requerimiento del defensor oficial, Mat\u00edas Jachesky, por supuestos abusos de autoridad en operativos policiales, el intendente Ariel Lovey sali\u00f3 p\u00fablicamente a respaldar al comisario local, Juan Manuel Coman, sobre quien pesa un recurso de h\u00e1beas corpus colectivo, correctivo y preventivo por liderar supuestas &#8220;razzias&#8221; y apresar a &#8220;ciudadanos vulnerables socialmente&#8221;.<\/p>\n<p> El funcionario municipal emiti\u00f3 un video por la red social oficial de la intendencia, en el que manifiesta: &#8220;Estamos un poco molestos por el accionar del doctor Mat\u00edas Jachesky, ya que es el defensor oficial y ha pedido un h\u00e1beas corpus al comisario Coman y solicita tambi\u00e9n un sumario por el supuesto abuso de autoridad. La verdad es que el comisario se viene desempe\u00f1ando en forma prudente, normal; acude a los llamados de los vecinos, porque Quitilipi es una de las ciudades que est\u00e1 cansada de la inseguridad, de los delitos&#8221;.<br \/>\nM\u00e1s adelante contin\u00faa: &#8220;Lo \u00fanico que hace Coman es tratar de evitar y hacer la prevenci\u00f3n, con lo cual d\u00edas atr\u00e1s de realizaron diferentes operativos en donde fueron demoradas algunas personas. Los vecinos llaman por tel\u00e9fono porque andan merodeando en los barrios, en las casas, es com\u00fan que se robe en cualquier momento del d\u00eda en la ciudad&#8221;.<br \/>\nHAY MALESTAR EN LA SOCIEDAD<br \/>\nEl intendente reconoci\u00f3 que los vecinos quitilipenses est\u00e1n preocupados, se sienten amenazados y est\u00e1n cansados de la delincuencia y los delitos que se cometen en la ciudad. &#8220;Por supuesto, hay una sociedad que est\u00e1 mala con el intendente, con el comisario y con el gobernador por la falta de seguridad. Y cuando se llevan a cabo operativos tenemos estas cosas, que no sabemos de qu\u00e9 lado se encuentra el doctor Mat\u00edas (Jachesky), si del lado de los delincuentes o del lado de la gente de bien que quiere vivir en paz y con mayor seguridad. Quiero convocar a la ciudadan\u00eda quitilipense a respaldar el accionar del comisario Coman, que sus acciones son preventivas&#8221;, asegur\u00f3.<br \/>\n&#8220;QUE VENGA A INFORMARSE&#8221;<br \/>\nLovey neg\u00f3 que ocurrieran abusos de autoridad en los controles rutinarios e invit\u00f3 al defensor a conocer lo que pasa en la ciudad. &#8220;Es de S\u00e1enz Pe\u00f1a, lo invitamos a que se acerque a Quitilipi, podamos tener una reuni\u00f3n y le comentamos la fuerte demanda que hay de parte de la comunidad por esta situaci\u00f3n de inseguridad que ocurre.<br \/>\nQue mantenga un contacto con nosotros, que tenga la informaci\u00f3n y que se interiorice de lo que sucede en nuestra localidad antes de cometer un error. No est\u00e1 mal que defienda, pero primero tiene que informarse de lo que sucede en Quitilipi para poder pedir un informe tan urgente como el que ha solicitado&#8221;, concluy\u00f3 el jefe comunal.<\/p>\n<p>DIARIO NORTE.-<\/p><\/div>\n","protected":false},"excerpt":{"rendered":"<p>Sobre el polic\u00eda pesa un recurso de h\u00e1beas corpus colectivo, correctivo y preventivo por liderar supuestas &#8220;razzias&#8221; y apresar a &#8220;ciudadanos vulnerables socialmente&#8221;. Luego de conocerse el requerimiento del defensor oficial, Mat\u00edas Jachesky, por supuestos abusos de autoridad en operativos policiales, el intendente Ariel Lovey sali\u00f3 p\u00fablicamente a respaldar al comisario local, Juan Manuel Coman, [&hellip;]<\/p>\n","protected":false},"author":1,"featured_media":33326,"comment_status":"closed","ping_status":"closed","sticky":false,"template":"","format":"standard","meta":{"footnotes":""},"categories":[6],"tags":[],"class_list":{"0":"post-33325","1":"post","2":"type-post","3":"status-publish","4":"format-standard","5":"has-post-thumbnail","7":"category-chaco"},"_links":{"self":[{"href":"https:\/\/chacosintesis.com.ar\/index.php\/wp-json\/wp\/v2\/posts\/33325","targetHints":{"allow":["GET"]}}],"collection":[{"href":"https:\/\/chacosintesis.com.ar\/index.php\/wp-json\/wp\/v2\/posts"}],"about":[{"href":"https:\/\/chacosintesis.com.ar\/index.php\/wp-json\/wp\/v2\/types\/post"}],"author":[{"embeddable":true,"href":"https:\/\/chacosintesis.com.ar\/index.php\/wp-json\/wp\/v2\/users\/1"}],"replies":[{"embeddable":true,"href":"https:\/\/chacosintesis.com.ar\/index.php\/wp-json\/wp\/v2\/comments?post=33325"}],"version-history":[{"count":0,"href":"https:\/\/chacosintesis.com.ar\/index.php\/wp-json\/wp\/v2\/posts\/33325\/revisions"}],"wp:featuredmedia":[{"embeddable":true,"href":"https:\/\/chacosintesis.com.ar\/index.php\/wp-json\/wp\/v2\/media\/33326"}],"wp:attachment":[{"href":"https:\/\/chacosintesis.com.ar\/index.php\/wp-json\/wp\/v2\/media?parent=33325"}],"wp:term":[{"taxonomy":"category","embeddable":true,"href":"https:\/\/chacosintesis.com.ar\/index.php\/wp-json\/wp\/v2\/categories?post=33325"},{"taxonomy":"post_tag","embeddable":true,"href":"https:\/\/chacosintesis.com.ar\/index.php\/wp-json\/wp\/v2\/tags?post=33325"}],"curies":[{"name":"wp","href":"https:\/\/api.w.org\/{rel}","templated":true}]}}