{"id":33290,"date":"2024-05-07T12:27:40","date_gmt":"2024-05-07T15:27:40","guid":{"rendered":"https:\/\/chacosintesis.com.ar\/?p=33290"},"modified":"2024-05-07T12:31:14","modified_gmt":"2024-05-07T15:31:14","slug":"arquitectos-entre-logros-y-desafios-realizaron-su-asamblea-anual-2","status":"publish","type":"post","link":"https:\/\/chacosintesis.com.ar\/index.php\/arquitectos-entre-logros-y-desafios-realizaron-su-asamblea-anual-2\/","title":{"rendered":"Arquitectos: entre logros y desaf\u00edos realizaron su Asamblea anual"},"content":{"rendered":"<div class=\"postie-post\">El Colegio Profesional de Arquitectura y Urbanismo de la provincia del Chaco (CPAUCH) llev\u00f3 adelante d\u00edas atr\u00e1s su Asamblea Anual Ordinaria, en donde aprobaron memoria y balance anual, realizaron un repaso de la actividad profesional en el \u00faltimo per\u00edodo y resaltaron los esfuerzos para poder asistir a la matr\u00edcula en este contexto de crisis.<\/p>\n<p>En el encuentro que tuvo lugar en la sede de la instituci\u00f3n, dieron a conocer las distintas actividades coordinadas y realizadas por el equipo de gesti\u00f3n, compuesto por los integrantes de la Comisi\u00f3n Directiva durante el \u00faltimo per\u00edodo. Entre los aspectos m\u00e1s sobresalientes del Orden del D\u00eda, incluy\u00f3, la memoria de gesti\u00f3n, la presentaci\u00f3n del estado contable de la instituci\u00f3n, el informe de la Comisi\u00f3n Revisora de Cuentas, correspondiente al 5\u00ba Ejercicio: del 1\u00b0 de enero de 2023 al 31 de diciembre de 2023. Seguidamente, se realiz\u00f3 la aprobaci\u00f3n del Presupuesto de Recursos y Gastos, para el pr\u00f3ximo periodo y la aprobaci\u00f3n para integrar las entidades FEPUCH y FECHACO.<br \/>\n Amplia presencia en entidades nacionales y provinciales<br \/>\nAl hacer uso de la palabra, el presidente de CPAUCH Arq. Adrian Prieto Piragine afirm\u00f3 que, seg\u00fan la mirada de la Comisi\u00f3n Directiva que encabeza, han obtenido logros y ha enfrentado desaf\u00edos a nivel institucional a lo largo del \u00faltimo per\u00edodo y que con el acompa\u00f1amiento de la comunidad de colegas se pudo avanzar en implementar soluciones.<br \/>\n\u201cDesde nuestro lugar procuramos ayudar a la inserci\u00f3n y el crecimiento del profesional arquitecto\/a. Creemos que este es el camino y lo que corresponde hacer, y por eso venimos trabajando hace tiempo en distintas gestiones\u201d, indic\u00f3 el titular del Colegio Profesional, quien a su vez, remarc\u00f3 que en la primera etapa de la gesti\u00f3n se avanz\u00f3 en reuniones que han permitido configurar proyectos que se implementar\u00e1n en el segundo a\u00f1o de gesti\u00f3n.<br \/>\n<img decoding=\"async\" src=\"data:image\/gif;base64,R0lGODlhAQABAIAAAAAAAP\/\/\/ywAAAAAAQABAAACAUwAOw==\" fifu-lazy=\"1\" fifu-data-sizes=\"auto\" fifu-data-srcset=\"https:\/\/i2.wp.com\/chacosintesis.com.ar\/wp-content\/uploads\/2024\/05\/asamblea-cpauch-1-800x485.jpeg?ssl=1&w=75&resize=75&ssl=1 75w, https:\/\/i2.wp.com\/chacosintesis.com.ar\/wp-content\/uploads\/2024\/05\/asamblea-cpauch-1-800x485.jpeg?ssl=1&w=100&resize=100&ssl=1 100w, https:\/\/i2.wp.com\/chacosintesis.com.ar\/wp-content\/uploads\/2024\/05\/asamblea-cpauch-1-800x485.jpeg?ssl=1&w=150&resize=150&ssl=1 150w, https:\/\/i2.wp.com\/chacosintesis.com.ar\/wp-content\/uploads\/2024\/05\/asamblea-cpauch-1-800x485.jpeg?ssl=1&w=240&resize=240&ssl=1 240w, https:\/\/i2.wp.com\/chacosintesis.com.ar\/wp-content\/uploads\/2024\/05\/asamblea-cpauch-1-800x485.jpeg?ssl=1&w=320&resize=320&ssl=1 320w, https:\/\/i2.wp.com\/chacosintesis.com.ar\/wp-content\/uploads\/2024\/05\/asamblea-cpauch-1-800x485.jpeg?ssl=1&w=500&resize=500&ssl=1 500w, https:\/\/i2.wp.com\/chacosintesis.com.ar\/wp-content\/uploads\/2024\/05\/asamblea-cpauch-1-800x485.jpeg?ssl=1&w=640&resize=640&ssl=1 640w, https:\/\/i2.wp.com\/chacosintesis.com.ar\/wp-content\/uploads\/2024\/05\/asamblea-cpauch-1-800x485.jpeg?ssl=1&w=800&resize=800&ssl=1 800w, https:\/\/i2.wp.com\/chacosintesis.com.ar\/wp-content\/uploads\/2024\/05\/asamblea-cpauch-1-800x485.jpeg?ssl=1&w=1024&resize=1024&ssl=1 1024w, https:\/\/i2.wp.com\/chacosintesis.com.ar\/wp-content\/uploads\/2024\/05\/asamblea-cpauch-1-800x485.jpeg?ssl=1&w=1280&resize=1280&ssl=1 1280w, https:\/\/i2.wp.com\/chacosintesis.com.ar\/wp-content\/uploads\/2024\/05\/asamblea-cpauch-1-800x485.jpeg?ssl=1&w=1600&resize=1600&ssl=1 1600w\" fifu-data-src=\"https:\/\/i2.wp.com\/chacosintesis.com.ar\/wp-content\/uploads\/2024\/05\/asamblea-cpauch-1-800x485.jpeg?ssl=1\" alt=\"\" width=\"800px\" height=\"485px\" class=\"alignnone size-medium wp-image-33292\" \/><\/p>\n<p>En esa l\u00ednea, destac\u00f3 como auspicioso la importante presencia de CPAUCH en la comisi\u00f3n directiva de la Federaci\u00f3n Argentina de las Entidades de Arquitectos (FADEA), en cuya Asamblea Anual Ordinaria realizada recientemente, result\u00f3 electo como tesorero.<br \/>\nPor \u00faltimo, Prieto Piragine resalt\u00f3: \u201cEs muy importante el haber aprobado en asamblea que formemos parte como entidad asociada a la Federaci\u00f3n Econ\u00f3mica del Chaco (FECHACO) y a la Federaci\u00f3n de Entidades Profesionales Universitarios del Chaco (FEPUCH) porque nos ayudar\u00e1 a aunar esfuerzos para lograr m\u00e1s gestiones y beneficios a nuestros matriculados\u201d.<br \/>\nEn la asamblea estuvieron presentes, adem\u00e1s del presidente de la instituci\u00f3n, el vicepresidente Arq. Gustavo Floriddia, la secretaria Arq. Silvia Casalis, la tesorera Arq. Analia Ben\u00edtez Morel, y autoridades de FECHACO, FEPUCH y de la Inspecci\u00f3n General de Personas Jur\u00eddicas y Registro P\u00fablico de Comercio de la provincia.<\/p><\/div>\n","protected":false},"excerpt":{"rendered":"<p>El Colegio Profesional de Arquitectura y Urbanismo de la provincia del Chaco (CPAUCH) llev\u00f3 adelante d\u00edas atr\u00e1s su Asamblea Anual Ordinaria, en donde aprobaron memoria y balance anual, realizaron un repaso de la actividad profesional en el \u00faltimo per\u00edodo y resaltaron los esfuerzos para poder asistir a la matr\u00edcula en este contexto de crisis. En [&hellip;]<\/p>\n","protected":false},"author":1,"featured_media":33291,"comment_status":"closed","ping_status":"closed","sticky":false,"template":"","format":"standard","meta":{"footnotes":""},"categories":[6],"tags":[],"class_list":{"0":"post-33290","1":"post","2":"type-post","3":"status-publish","4":"format-standard","5":"has-post-thumbnail","7":"category-chaco"},"_links":{"self":[{"href":"https:\/\/chacosintesis.com.ar\/index.php\/wp-json\/wp\/v2\/posts\/33290","targetHints":{"allow":["GET"]}}],"collection":[{"href":"https:\/\/chacosintesis.com.ar\/index.php\/wp-json\/wp\/v2\/posts"}],"about":[{"href":"https:\/\/chacosintesis.com.ar\/index.php\/wp-json\/wp\/v2\/types\/post"}],"author":[{"embeddable":true,"href":"https:\/\/chacosintesis.com.ar\/index.php\/wp-json\/wp\/v2\/users\/1"}],"replies":[{"embeddable":true,"href":"https:\/\/chacosintesis.com.ar\/index.php\/wp-json\/wp\/v2\/comments?post=33290"}],"version-history":[{"count":0,"href":"https:\/\/chacosintesis.com.ar\/index.php\/wp-json\/wp\/v2\/posts\/33290\/revisions"}],"wp:featuredmedia":[{"embeddable":true,"href":"https:\/\/chacosintesis.com.ar\/index.php\/wp-json\/wp\/v2\/media\/33291"}],"wp:attachment":[{"href":"https:\/\/chacosintesis.com.ar\/index.php\/wp-json\/wp\/v2\/media?parent=33290"}],"wp:term":[{"taxonomy":"category","embeddable":true,"href":"https:\/\/chacosintesis.com.ar\/index.php\/wp-json\/wp\/v2\/categories?post=33290"},{"taxonomy":"post_tag","embeddable":true,"href":"https:\/\/chacosintesis.com.ar\/index.php\/wp-json\/wp\/v2\/tags?post=33290"}],"curies":[{"name":"wp","href":"https:\/\/api.w.org\/{rel}","templated":true}]}}