{"id":33283,"date":"2024-05-07T10:54:26","date_gmt":"2024-05-07T13:54:26","guid":{"rendered":"http:\/\/chacosintesis.com.ar\/?p=33283"},"modified":"2024-05-07T10:56:05","modified_gmt":"2024-05-07T13:56:05","slug":"du-graty-habria-abusado-de-su-sobrina-y-se-dio-a-la-fuga-es-intensamente-buscado","status":"publish","type":"post","link":"https:\/\/chacosintesis.com.ar\/index.php\/du-graty-habria-abusado-de-su-sobrina-y-se-dio-a-la-fuga-es-intensamente-buscado\/","title":{"rendered":"Du Graty: Habr\u00eda abusado de su sobrina y se dio a la fuga: es intensamente buscado"},"content":{"rendered":"<div class=\"postie-post\">En un hecho que ha generado conmoci\u00f3n en la localidad de Du Graty, una joven de 21 a\u00f1os ha denunciado haber sido v\u00edctima de abuso sexual por parte de su propio t\u00edo. Seg\u00fan el relato de la v\u00edctima a las autoridades policiales, el lamentable suceso ocurri\u00f3 la noche del pasado domingo, mientras la joven se encontraba en el domicilio de su madre en el Barrio Cooperativa.<\/p>\n<p>De acuerdo con el informe proporcionado por la polic\u00eda local, el t\u00edo de la joven, identificado como L. A., se present\u00f3 en la vivienda familiar y ofreci\u00f3 llevarla en su motocicleta hasta su casa. La joven, confiando en el v\u00ednculo familiar, acept\u00f3 la propuesta y emprendieron el camino. Sin embargo, en un giro inesperado, el hombre desvi\u00f3 la ruta hacia un \u00e1rea poco iluminada, donde se habr\u00eda perpetrado el ataque.<\/p>\n<p>En el lugar apartado y sin presencia de testigos, el presunto agresor habr\u00eda sometido a la joven a un abuso sexual con penetraci\u00f3n, tras lo cual la amenaz\u00f3 y la traslad\u00f3 de regreso a su domicilio. Una vez all\u00ed, la v\u00edctima logr\u00f3 confiar lo sucedido a su pareja, quien la acompa\u00f1\u00f3 a realizar la denuncia correspondiente en la Comisar\u00eda Local.<\/p>\n<p>Ante la gravedad de los hechos denunciados, la Fiscal\u00eda en turno ha ordenado la aprehensi\u00f3n del acusado y su posterior examen m\u00e9dico forense. Sin embargo, hasta el momento, se desconoce el paradero del presunto agresor, quien se habr\u00eda dado a la fuga. Mientras tanto, la comunidad local se encuentra consternada por este repudiable episodio y espera con expectaci\u00f3n el avance de la investigaci\u00f3n y la pronta captura del responsable.<\/p>\n<p>Diario22.ar con informaci\u00f3n de Gente de Pueblo<\/p><\/div>\n","protected":false},"excerpt":{"rendered":"<p>En un hecho que ha generado conmoci\u00f3n en la localidad de Du Graty, una joven de 21 a\u00f1os ha denunciado haber sido v\u00edctima de abuso sexual por parte de su propio t\u00edo. Seg\u00fan el relato de la v\u00edctima a las autoridades policiales, el lamentable suceso ocurri\u00f3 la noche del pasado domingo, mientras la joven se [&hellip;]<\/p>\n","protected":false},"author":1,"featured_media":33284,"comment_status":"closed","ping_status":"closed","sticky":false,"template":"","format":"standard","meta":{"footnotes":""},"categories":[6],"tags":[],"class_list":{"0":"post-33283","1":"post","2":"type-post","3":"status-publish","4":"format-standard","5":"has-post-thumbnail","7":"category-chaco"},"_links":{"self":[{"href":"https:\/\/chacosintesis.com.ar\/index.php\/wp-json\/wp\/v2\/posts\/33283","targetHints":{"allow":["GET"]}}],"collection":[{"href":"https:\/\/chacosintesis.com.ar\/index.php\/wp-json\/wp\/v2\/posts"}],"about":[{"href":"https:\/\/chacosintesis.com.ar\/index.php\/wp-json\/wp\/v2\/types\/post"}],"author":[{"embeddable":true,"href":"https:\/\/chacosintesis.com.ar\/index.php\/wp-json\/wp\/v2\/users\/1"}],"replies":[{"embeddable":true,"href":"https:\/\/chacosintesis.com.ar\/index.php\/wp-json\/wp\/v2\/comments?post=33283"}],"version-history":[{"count":0,"href":"https:\/\/chacosintesis.com.ar\/index.php\/wp-json\/wp\/v2\/posts\/33283\/revisions"}],"wp:featuredmedia":[{"embeddable":true,"href":"https:\/\/chacosintesis.com.ar\/index.php\/wp-json\/wp\/v2\/media\/33284"}],"wp:attachment":[{"href":"https:\/\/chacosintesis.com.ar\/index.php\/wp-json\/wp\/v2\/media?parent=33283"}],"wp:term":[{"taxonomy":"category","embeddable":true,"href":"https:\/\/chacosintesis.com.ar\/index.php\/wp-json\/wp\/v2\/categories?post=33283"},{"taxonomy":"post_tag","embeddable":true,"href":"https:\/\/chacosintesis.com.ar\/index.php\/wp-json\/wp\/v2\/tags?post=33283"}],"curies":[{"name":"wp","href":"https:\/\/api.w.org\/{rel}","templated":true}]}}