{"id":33279,"date":"2024-05-07T10:50:15","date_gmt":"2024-05-07T13:50:15","guid":{"rendered":"https:\/\/chacosintesis.com.ar\/?p=33279"},"modified":"2024-05-07T10:51:06","modified_gmt":"2024-05-07T13:51:06","slug":"por-unanimidad-leandro-zdero-es-el-nuevo-presidente-de-la-ucr-del-chaco","status":"publish","type":"post","link":"https:\/\/chacosintesis.com.ar\/index.php\/por-unanimidad-leandro-zdero-es-el-nuevo-presidente-de-la-ucr-del-chaco\/","title":{"rendered":"Por unanimidad Leandro Zdero es el nuevo Presidente de la UCR del Chaco"},"content":{"rendered":"<div class=\"postie-post\">Este lunes, pasada la medianoche, se cumpli\u00f3 el plazo para la presentaci\u00f3n de las listas en la UCR Chaco. El partido radical renovar\u00e1 sus autoridades el pr\u00f3ximo 1 de junio, con mandato por 2 a\u00f1os y en ese sentido, todas las l\u00edneas internas coincidieron en consolidar la UNIDAD llevando al actual gobernador Leandro Zdero como el nuevo presidente y l\u00edder de la UCR.<\/p>\n<p>Es importante destacar que se firm\u00f3 un gran acta acuerdo entre los dirigentes provinciales, de todas las l\u00edneas que componen la UCR, para la oficializaci\u00f3n y la renovaci\u00f3n de las autoridades.<\/p>\n<p>El Comit\u00e9 provincial, encabezado por:<br \/>\nLeandro Zdero 1.Susana Maggio 2.Diego Guti\u00e9rrez 3.Mar\u00eda Mancebo 4.Sergio Almir\u00f3n 5.Ana Mar\u00eda Cabrera 6.Sergio Funes 7.Y\u00e9sica Gonz\u00e1lez 8.Pablo N\u00fa\u00f1ez 9.Ver\u00f3nica Vargas 10.Ian Kaluk (\u2026)<br \/>\nMientras que el Comit\u00e9 Capital, estar\u00e1 liderado por 1.Carla Cantero; 2.Mario Olivero; 3.Teresa Pereyra; 4.Carlos Morzan; 5.Mirian Jara 6.Dami\u00e1n Dunrauf 7.Alicia Ogara 8.Ram\u00f3n L\u00f3pez 9.Elvira Veuthey 10.Pablo Ledesma 11.Carla Hidalgo (\u2026)<br \/>\nTambi\u00e9n renovar\u00e1n los Comit\u00e9s de Circuitos en los Municipios de 1\u00b0 y 2\u00b0 categor\u00eda con igual cantidad de miembros titulares y suplentes que el n\u00famero de concejales municipales, mientras que, en las comunas de 3\u00b0 categor\u00eda, elegir\u00e1n 5 titulares y 5 suplentes.<\/p><\/div>\n","protected":false},"excerpt":{"rendered":"<p>Este lunes, pasada la medianoche, se cumpli\u00f3 el plazo para la presentaci\u00f3n de las listas en la UCR Chaco. El partido radical renovar\u00e1 sus autoridades el pr\u00f3ximo 1 de junio, con mandato por 2 a\u00f1os y en ese sentido, todas las l\u00edneas internas coincidieron en consolidar la UNIDAD llevando al actual gobernador Leandro Zdero como [&hellip;]<\/p>\n","protected":false},"author":1,"featured_media":33280,"comment_status":"closed","ping_status":"closed","sticky":false,"template":"","format":"standard","meta":{"footnotes":""},"categories":[6],"tags":[],"class_list":{"0":"post-33279","1":"post","2":"type-post","3":"status-publish","4":"format-standard","5":"has-post-thumbnail","7":"category-chaco"},"_links":{"self":[{"href":"https:\/\/chacosintesis.com.ar\/index.php\/wp-json\/wp\/v2\/posts\/33279","targetHints":{"allow":["GET"]}}],"collection":[{"href":"https:\/\/chacosintesis.com.ar\/index.php\/wp-json\/wp\/v2\/posts"}],"about":[{"href":"https:\/\/chacosintesis.com.ar\/index.php\/wp-json\/wp\/v2\/types\/post"}],"author":[{"embeddable":true,"href":"https:\/\/chacosintesis.com.ar\/index.php\/wp-json\/wp\/v2\/users\/1"}],"replies":[{"embeddable":true,"href":"https:\/\/chacosintesis.com.ar\/index.php\/wp-json\/wp\/v2\/comments?post=33279"}],"version-history":[{"count":0,"href":"https:\/\/chacosintesis.com.ar\/index.php\/wp-json\/wp\/v2\/posts\/33279\/revisions"}],"wp:featuredmedia":[{"embeddable":true,"href":"https:\/\/chacosintesis.com.ar\/index.php\/wp-json\/wp\/v2\/media\/33280"}],"wp:attachment":[{"href":"https:\/\/chacosintesis.com.ar\/index.php\/wp-json\/wp\/v2\/media?parent=33279"}],"wp:term":[{"taxonomy":"category","embeddable":true,"href":"https:\/\/chacosintesis.com.ar\/index.php\/wp-json\/wp\/v2\/categories?post=33279"},{"taxonomy":"post_tag","embeddable":true,"href":"https:\/\/chacosintesis.com.ar\/index.php\/wp-json\/wp\/v2\/tags?post=33279"}],"curies":[{"name":"wp","href":"https:\/\/api.w.org\/{rel}","templated":true}]}}