{"id":33275,"date":"2024-05-07T09:58:59","date_gmt":"2024-05-07T12:58:59","guid":{"rendered":"http:\/\/chacosintesis.com.ar\/?p=33275"},"modified":"2024-05-07T10:01:06","modified_gmt":"2024-05-07T13:01:06","slug":"aldo-leiva-diputado-nacional-por-chaco-capitanich-asumio-el-liderazgo-somos-opositores-a-un-gobierno-de-inequidad","status":"publish","type":"post","link":"https:\/\/chacosintesis.com.ar\/index.php\/aldo-leiva-diputado-nacional-por-chaco-capitanich-asumio-el-liderazgo-somos-opositores-a-un-gobierno-de-inequidad\/","title":{"rendered":"Aldo Leiva, diputado nacional por Chaco: &#8220;Capitanich asumi\u00f3 el liderazgo, somos opositores a un Gobierno de inequidad&#8221;"},"content":{"rendered":"<div class=\"postie-post\">En una entrevista exclusiva con NG Federal, el diputado nacional Aldo Leiva ofreci\u00f3 un an\u00e1lisis sobre diversos ejes, entre ellos: la gesti\u00f3n del presidente de la Naci\u00f3n, Javier Milei, sobre lo ocurrido en la Ley de Bases y la pol\u00e9mica por su su voto, y el regreso de Capitanich a la pol\u00edtica.<br \/>\n https:\/\/youtu.be\/jJEgKm9pEpI<\/div>\n","protected":false},"excerpt":{"rendered":"<p>En una entrevista exclusiva con NG Federal, el diputado nacional Aldo Leiva ofreci\u00f3 un an\u00e1lisis sobre diversos ejes, entre ellos: la gesti\u00f3n del presidente de la Naci\u00f3n, Javier Milei, sobre lo ocurrido en la Ley de Bases y la pol\u00e9mica por su su voto, y el regreso de Capitanich a la pol\u00edtica. https:\/\/youtu.be\/jJEgKm9pEpI<\/p>\n","protected":false},"author":1,"featured_media":33276,"comment_status":"closed","ping_status":"closed","sticky":false,"template":"","format":"standard","meta":{"footnotes":""},"categories":[6],"tags":[],"class_list":{"0":"post-33275","1":"post","2":"type-post","3":"status-publish","4":"format-standard","5":"has-post-thumbnail","7":"category-chaco"},"_links":{"self":[{"href":"https:\/\/chacosintesis.com.ar\/index.php\/wp-json\/wp\/v2\/posts\/33275","targetHints":{"allow":["GET"]}}],"collection":[{"href":"https:\/\/chacosintesis.com.ar\/index.php\/wp-json\/wp\/v2\/posts"}],"about":[{"href":"https:\/\/chacosintesis.com.ar\/index.php\/wp-json\/wp\/v2\/types\/post"}],"author":[{"embeddable":true,"href":"https:\/\/chacosintesis.com.ar\/index.php\/wp-json\/wp\/v2\/users\/1"}],"replies":[{"embeddable":true,"href":"https:\/\/chacosintesis.com.ar\/index.php\/wp-json\/wp\/v2\/comments?post=33275"}],"version-history":[{"count":0,"href":"https:\/\/chacosintesis.com.ar\/index.php\/wp-json\/wp\/v2\/posts\/33275\/revisions"}],"wp:featuredmedia":[{"embeddable":true,"href":"https:\/\/chacosintesis.com.ar\/index.php\/wp-json\/wp\/v2\/media\/33276"}],"wp:attachment":[{"href":"https:\/\/chacosintesis.com.ar\/index.php\/wp-json\/wp\/v2\/media?parent=33275"}],"wp:term":[{"taxonomy":"category","embeddable":true,"href":"https:\/\/chacosintesis.com.ar\/index.php\/wp-json\/wp\/v2\/categories?post=33275"},{"taxonomy":"post_tag","embeddable":true,"href":"https:\/\/chacosintesis.com.ar\/index.php\/wp-json\/wp\/v2\/tags?post=33275"}],"curies":[{"name":"wp","href":"https:\/\/api.w.org\/{rel}","templated":true}]}}