{"id":33271,"date":"2024-05-07T09:45:10","date_gmt":"2024-05-07T12:45:10","guid":{"rendered":"http:\/\/chacosintesis.com.ar\/?p=33271"},"modified":"2024-05-07T09:46:14","modified_gmt":"2024-05-07T12:46:14","slug":"caso-chocobar-la-cronologia-de-un-hecho-que-dividio-al-pais","status":"publish","type":"post","link":"https:\/\/chacosintesis.com.ar\/index.php\/caso-chocobar-la-cronologia-de-un-hecho-que-dividio-al-pais\/","title":{"rendered":"Caso Chocobar: la cronolog\u00eda de un hecho que dividi\u00f3 al pa\u00eds"},"content":{"rendered":"<div class=\"postie-post\">Este lunes la sala II de la C\u00e1mara Nacional de Casaci\u00f3n en lo Criminal y Correccional de la Capital Federal revoc\u00f3 la condena que hab\u00eda recibido el polic\u00eda en el a\u00f1o 2021<\/p>\n<p>Sin saberlo, el 8 de diciembre de 2017, el agente Luis Chocobar se enfrent\u00f3 a un hecho que cambi\u00f3 su vida para siempre. Cuando sali\u00f3 de su casa para ir a tomar el colectivo a su trabajo en la polic\u00eda de Avellaneda, se cruz\u00f3 con dos delincuentes, de 17 y 18 a\u00f1os, que acuchillaron a un turista estadounidense para sustraerle una c\u00e1mara de fotos mientras tomaba im\u00e1genes de un mural en el barrio porte\u00f1o de La Boca.<br \/>\nSu reacci\u00f3n fue inmediata. Vestido de civil peg\u00f3 un grito de \u201calto\u201d, pero los agresores se dieron a la fuga. Chocobar los persigui\u00f3 a pie, perdi\u00f3 de vista a uno de ellos y el otro, Juan Pablo Kukoc, fue seguido por otros tres vecinos y el propio agente.<br \/>\nTras alcanzarlo, Kukoc decidi\u00f3 darse media vuelta con el cuchillo envuelto en una campera y encarar hacia Chocobar, que levant\u00f3 su mano izquierda a modo de contenci\u00f3n y dispar\u00f3 desde la cintura 4 tiros, hacia zonas no letales, seg\u00fan el testimonio del agente en la causa.<\/p>\n<p>Dos proyectiles rebotaron en el piso e impactaron en una ochava y los otros dos tambi\u00e9n rebotaron en el asfalto, pero ingresaron en el cuerpo de Kukoc (uno en la zona lumbar derecha y otro en el muslo izquierdo). Todo transcurri\u00f3 en menos de cuatro minutos y tres cuadras.<br \/>\nFinalmente, Kukoc muri\u00f3 y la forma de actuar de Chocobar qued\u00f3 en el centro de la pol\u00e9mica por los tironeos pol\u00edticos y una discusi\u00f3n entre mano dura vs garantismo.<br \/>\nPatricia Bullrich, la primera en defender el accionar de Chocobar<br \/>\nLa entonces ministra de Seguridad, Patricia Bullrich, respald\u00f3 al agente e incluso lo convoc\u00f3 a un encuentro en Casa Rosada con quien era el presidente, Mauricio Macri, para mostrar su apoyo a las fuerzas de seguridad.<br \/>\nLa ministra consider\u00f3 que el agente no llev\u00f3 adelante una &#8220;acci\u00f3n de leg\u00edtima defensa, sino de cumplimiento de deberes de funcionario p\u00fablico&#8221;.<\/p>\n<p>&#8220;Estamos cambiando esa doctrina. Hay jueces que no lo entienden. Por eso vamos a cambiar el C\u00f3digo Penal, la leg\u00edtima defensa para casos policiales solo cabe para \u00ednfimos momentos\u201d, agreg\u00f3 en 2017.<br \/>\nLa condena a Chocobar: &#8220;Exceso en el cumplimiento del deber&#8221;<br \/>\nEl 28 de mayo de 2021, luego de tres a\u00f1os, cinco meses y 20 d\u00edas, Luis Chocobar lleg\u00f3 al banquillo de los acusados en el juicio a cargo del Tribunal Oral de Menores (TOM) porte\u00f1o N\u00ba2.<br \/>\nAll\u00ed, se lo encontr\u00f3 culpable del delito de homicidio agravado por el uso de arma de fuego cometido con exceso en el cumplimiento de un deber.<\/p>\n<p>Adem\u00e1s de la condena a dos a\u00f1os de prisi\u00f3n en suspenso, los jueces Fernando Pisano, Jorge Ariel Apolo y Adolfo Calvete decidieron inhabilitarlo durante cinco a\u00f1os para funciones operativas con la utilizaci\u00f3n de armas de fuego.<br \/>\nEl abrazo de Bullrich con Chocobar<br \/>\nTras conocerse el fallo, Bullrich se acerc\u00f3 a la puerta de los tribunales de Comodoro Py y realiz\u00f3 una fuerte defensa de Chocobar.<br \/>\n&#8220;A partir de un video recortado y mal editado, se analiza algo que es absolutamente poco profesional. Es no entender que Chocobar estaba en la persecuci\u00f3n de un delito que segu\u00eda, que estaba infraganti&#8221;, sostuvo la ministra.<\/p>\n<p>\u201cEstoy tranquilo por la gente que me apoya. La Polic\u00eda de la Provincia tiene unos huevos impresionantes, nada m\u00e1s, no voy a decir nada m\u00e1s\u201d, fue lo \u00fanico que dijo Chocobar al salir de Comodoro Py.<br \/>\nLa palabra del turista defendido por Chocobar<br \/>\nEn un video, Joe Wolek dio sus sensaciones con respecto a la condena de Chocobar: &#8220;Estoy decepcionado. \u00c9l no hizo nada por malicia o intencionalidad, solo reacciones en el calor del momento&#8221;.<\/p>\n<p>&#8220;Estoy convencido de que es un hombre decente y solo intentaba ser buena persona y un servidor p\u00fablico. As\u00ed que s\u00ed, estoy decepcionado, pero tambi\u00e9n me doy cuenta de que el castigo podr\u00eda haber sido mucho m\u00e1s severo&#8221;.<br \/>\nLa anulaci\u00f3n de la condena<br \/>\nEste lunes 6 de mayo de 2024, la sala II de la C\u00e1mara Nacional de Casaci\u00f3n en lo Criminal y Correccional de la Capital Federal, integrada por los jueces Horacio D\u00edas y Eugenio Sarrabayrouse, revoc\u00f3 la condena que hab\u00eda recibido el polic\u00eda en el a\u00f1o 2021.<br \/>\nAdem\u00e1s, los magistrados ordenaron sortear un nuevo tribunal para hacer otro juicio oral.<br \/>\nEl motivo de la anulaci\u00f3n tiene que ver con que los fundamentos de los jueces del Tribunal Oral de Menores N\u00b02, Jorge Ariel Apolo, Fernando Pisano y Adolfo Calvete, fueron &#8220;autocontradictorios&#8221; respecto de la conducta de Chocobar.<br \/>\nMilei y Bullrich celebraron la anulaci\u00f3n de la condena<br \/>\nEl presidente Javier Milei celebr\u00f3 a trav\u00e9s de sus redes la resoluci\u00f3n judicial que resolvi\u00f3 anular la condena a dos a\u00f1os de prisi\u00f3n del polic\u00eda Luis Chocobar y solicit\u00f3 que se realice un nuevo debate oral.<br \/>\nA trav\u00e9s de su cuenta de X, el mandatario desde Los \u00c1ngeles, Estados Unidos, plante\u00f3: \u201cUn tiro para el lado de la justicia&#8230;\u201d.<\/p>\n<p>\u201cLos uniformados son los buenos y los delincuentes son los malos. Aqu\u00ed se termina con la doctrina zaffaroni. VIVA LA LIBERTAD CARAJO\u201d, celebr\u00f3 luego de que el abogado del oficial, Fernando Soto, publicara que la Sala II de la Casaci\u00f3n Nacional anul\u00f3 el juicio oral por el homicidio de un ladr\u00f3n en 2017 en el barrio porte\u00f1o de La Boca.<br \/>\nEn el mismo sentido, la ministra de Seguridad de la Naci\u00f3n, Patricia Bullrich, reiter\u00f3 la importancia de la \u201cdoctrina Chocobar\u201d: \u201cSiempre fue, es y ser\u00e1 el cumplimiento del deber de un buen polic\u00eda: cuidar a los argentinos de bien\u201d.<\/p>\n<p>Acompa\u00f1ado de un video en el que habla sobre el caso, la funcionaria de la cartera de seguridad le mand\u00f3 un saludo al oficial y destac\u00f3 el trabajo del Tribunal de Casaci\u00f3n Penal. \u201cEvalu\u00f3 que era un juicio mal hecho y una sentencia arbitraria. Lleg\u00f3 la justicia para Chocobar\u201d, festej\u00f3.<\/p>\n<p>CADENA 3.-<\/p><\/div>\n","protected":false},"excerpt":{"rendered":"<p>Este lunes la sala II de la C\u00e1mara Nacional de Casaci\u00f3n en lo Criminal y Correccional de la Capital Federal revoc\u00f3 la condena que hab\u00eda recibido el polic\u00eda en el a\u00f1o 2021 Sin saberlo, el 8 de diciembre de 2017, el agente Luis Chocobar se enfrent\u00f3 a un hecho que cambi\u00f3 su vida para siempre. [&hellip;]<\/p>\n","protected":false},"author":1,"featured_media":33272,"comment_status":"closed","ping_status":"closed","sticky":false,"template":"","format":"standard","meta":{"footnotes":""},"categories":[6],"tags":[],"class_list":{"0":"post-33271","1":"post","2":"type-post","3":"status-publish","4":"format-standard","5":"has-post-thumbnail","7":"category-chaco"},"_links":{"self":[{"href":"https:\/\/chacosintesis.com.ar\/index.php\/wp-json\/wp\/v2\/posts\/33271","targetHints":{"allow":["GET"]}}],"collection":[{"href":"https:\/\/chacosintesis.com.ar\/index.php\/wp-json\/wp\/v2\/posts"}],"about":[{"href":"https:\/\/chacosintesis.com.ar\/index.php\/wp-json\/wp\/v2\/types\/post"}],"author":[{"embeddable":true,"href":"https:\/\/chacosintesis.com.ar\/index.php\/wp-json\/wp\/v2\/users\/1"}],"replies":[{"embeddable":true,"href":"https:\/\/chacosintesis.com.ar\/index.php\/wp-json\/wp\/v2\/comments?post=33271"}],"version-history":[{"count":0,"href":"https:\/\/chacosintesis.com.ar\/index.php\/wp-json\/wp\/v2\/posts\/33271\/revisions"}],"wp:featuredmedia":[{"embeddable":true,"href":"https:\/\/chacosintesis.com.ar\/index.php\/wp-json\/wp\/v2\/media\/33272"}],"wp:attachment":[{"href":"https:\/\/chacosintesis.com.ar\/index.php\/wp-json\/wp\/v2\/media?parent=33271"}],"wp:term":[{"taxonomy":"category","embeddable":true,"href":"https:\/\/chacosintesis.com.ar\/index.php\/wp-json\/wp\/v2\/categories?post=33271"},{"taxonomy":"post_tag","embeddable":true,"href":"https:\/\/chacosintesis.com.ar\/index.php\/wp-json\/wp\/v2\/tags?post=33271"}],"curies":[{"name":"wp","href":"https:\/\/api.w.org\/{rel}","templated":true}]}}