{"id":33267,"date":"2024-05-07T09:36:58","date_gmt":"2024-05-07T12:36:58","guid":{"rendered":"http:\/\/chacosintesis.com.ar\/?p=33267"},"modified":"2024-05-07T09:41:19","modified_gmt":"2024-05-07T12:41:19","slug":"este-jueves-no-circularan-los-colectivos-de-corta-y-media-distancia-en-el-chaco","status":"publish","type":"post","link":"https:\/\/chacosintesis.com.ar\/index.php\/este-jueves-no-circularan-los-colectivos-de-corta-y-media-distancia-en-el-chaco\/","title":{"rendered":"Este jueves, no circular\u00e1n los colectivos de corta y media distancia en el Chaco"},"content":{"rendered":"<div class=\"postie-post\">As\u00ed lo confirm\u00f3 el secretario General de la UTA Chaco, Ra\u00fal Abraham, tras conocerse la decisi\u00f3n de adherirse al paro tomada por la conducci\u00f3n del sindical a nivel nacional. La medida de fuerza comienza a las 0 del jueves y concluye a las 24 del mismo d\u00eda.<\/p>\n<p> El secretario General de la UTA Chaco, Ra\u00fal Abraham, confirm\u00f3 que este 9 de mayo no se prestar\u00e1 el servicio de transporte p\u00fablico de pasajeros, en el marco del paro general convocado por las centrales sindicales del pa\u00eds y al que adhiri\u00f3 el gremio que nuclea a los choferes en las \u00faltimas horas.<br \/>\nEl sindicalista estim\u00f3 que en las pr\u00f3ximas horas habr\u00e1 una comunicaci\u00f3n oficial, pero anticip\u00f3 que &#8220;el d\u00eda jueves no habr\u00e1 colectivos en toda la provincia del Chaco&#8221;. La medida de fuerza, que comenzar\u00e1 a las 0 y se extender\u00e1 hasta las 24 de ese d\u00eda, afectar\u00e1 a los servicios de corta, media y larga distancia en todo el pa\u00eds.<br \/>\n&#8220;Creemos que ni un colectivo va funcionar durante esa jornada, por que la adhesi\u00f3n al paro va a ser total&#8221;, estim\u00f3 Abraham en di\u00e1logo con NORTE.<\/p>\n<p>DIARIO NORTE.-<\/p><\/div>\n","protected":false},"excerpt":{"rendered":"<p>As\u00ed lo confirm\u00f3 el secretario General de la UTA Chaco, Ra\u00fal Abraham, tras conocerse la decisi\u00f3n de adherirse al paro tomada por la conducci\u00f3n del sindical a nivel nacional. La medida de fuerza comienza a las 0 del jueves y concluye a las 24 del mismo d\u00eda. El secretario General de la UTA Chaco, Ra\u00fal [&hellip;]<\/p>\n","protected":false},"author":1,"featured_media":33268,"comment_status":"closed","ping_status":"closed","sticky":false,"template":"","format":"standard","meta":{"footnotes":""},"categories":[6],"tags":[],"class_list":{"0":"post-33267","1":"post","2":"type-post","3":"status-publish","4":"format-standard","5":"has-post-thumbnail","7":"category-chaco"},"_links":{"self":[{"href":"https:\/\/chacosintesis.com.ar\/index.php\/wp-json\/wp\/v2\/posts\/33267","targetHints":{"allow":["GET"]}}],"collection":[{"href":"https:\/\/chacosintesis.com.ar\/index.php\/wp-json\/wp\/v2\/posts"}],"about":[{"href":"https:\/\/chacosintesis.com.ar\/index.php\/wp-json\/wp\/v2\/types\/post"}],"author":[{"embeddable":true,"href":"https:\/\/chacosintesis.com.ar\/index.php\/wp-json\/wp\/v2\/users\/1"}],"replies":[{"embeddable":true,"href":"https:\/\/chacosintesis.com.ar\/index.php\/wp-json\/wp\/v2\/comments?post=33267"}],"version-history":[{"count":0,"href":"https:\/\/chacosintesis.com.ar\/index.php\/wp-json\/wp\/v2\/posts\/33267\/revisions"}],"wp:featuredmedia":[{"embeddable":true,"href":"https:\/\/chacosintesis.com.ar\/index.php\/wp-json\/wp\/v2\/media\/33268"}],"wp:attachment":[{"href":"https:\/\/chacosintesis.com.ar\/index.php\/wp-json\/wp\/v2\/media?parent=33267"}],"wp:term":[{"taxonomy":"category","embeddable":true,"href":"https:\/\/chacosintesis.com.ar\/index.php\/wp-json\/wp\/v2\/categories?post=33267"},{"taxonomy":"post_tag","embeddable":true,"href":"https:\/\/chacosintesis.com.ar\/index.php\/wp-json\/wp\/v2\/tags?post=33267"}],"curies":[{"name":"wp","href":"https:\/\/api.w.org\/{rel}","templated":true}]}}