{"id":33259,"date":"2024-05-07T08:48:18","date_gmt":"2024-05-07T11:48:18","guid":{"rendered":"http:\/\/chacosintesis.com.ar\/?p=33259"},"modified":"2024-06-03T22:20:57","modified_gmt":"2024-06-04T01:20:57","slug":"avanxa-la-asistencia-alimentariacon-el-programa-nachec-en-el-impenetrable","status":"publish","type":"post","link":"https:\/\/chacosintesis.com.ar\/index.php\/avanxa-la-asistencia-alimentariacon-el-programa-nachec-en-el-impenetrable\/","title":{"rendered":"Avanza la asistencia alimentariacon el programa \u00d1achec en el Impenetrable"},"content":{"rendered":"<div class=\"postie-post\">Por instrucciones del gobernador Leandro Zdero y con el acompa\u00f1amiento de la ministra de Desarrollo Humano, Carina Botteri,  el referente de la Regi\u00f3n Impenetrable del Programa \u00d1achec, Fernando Vogel celebr\u00f3 el \u00e9xito de los distintos operativos de entregas de m\u00f3dulos alimentarios, en el marco de la iniciativa provincial que busca lograr prestaciones sociales m\u00e1s equitativas para las familias chaque\u00f1as, permiti\u00e9ndoles mejorar su calidad de vida. \u201cSe han entregado m\u00e1s de 7500 m\u00f3dulos, entre Castelli y Zonas cercanas\u201d, destac\u00f3.<\/p>\n<p>Como encargado regional, desde Tres Isletas, pasando por Juan Jos\u00e9 Castelli, hasta Misi\u00f3n Nueva Pompeya y Comandancia Fr\u00edas (en general todo el Departamento G\u00fcemes), Vogel confirm\u00f3 que en todas esas localidades \u201cel programa est\u00e1 en marcha con los relevamientos, de censos y, tambi\u00e9n, en la mayor\u00eda de ellos, ya con entrega de m\u00f3dulos alimentarios. As\u00ed, \u201cen El Espinillo, R\u00edo Bermejito, Misi\u00f3n Nueva Pompeya, Miraflores, Juan Jos\u00e9 Castelli, se hizo entrega de m\u00f3dulos en m\u00e1s de 20 barrios\u201d, destac\u00f3.<\/p>\n<p>En la zona, los operativos se concretaron tanto la semana pasada como la antepasada; mientras que el pasado s\u00e1bado, se desarroll\u00f3 uno en un barrio de Castelli; alcanzando as\u00ed una entrega de m\u00f3dulos alimentarios de \u201cpr\u00e1cticamente un 80%\u201d del total en la localidad, apunt\u00f3 el coordinador regional de \u00d1achec. Por otra parte, pese a las condiciones clim\u00e1ticas que complicaron la llegada a zonas rurales, el equipo concret\u00f3 relevamientos durante el viernes y s\u00e1bado, en Paraje Pampa Argentina (donde pr\u00e1cticamente el 90%, son personas de comunidades originarias), en El Saladillo, tambi\u00e9n en la asociaci\u00f3n comunitaria que tiene esa comunidad ah\u00ed en el Paraje, y en una iglesia evang\u00e9lica del Pastor \u00c1lvarez. As\u00ed, durante la jornada de este lunes, en El Saladillo, Paraje El Silencio, Las Taperas y Palo Marcado se entregaron m\u00f3dulos alimentarios\u201d; mientras que ma\u00f1ana martes, ser\u00e1 turno de entregar en la mencionada iglesia evang\u00e9lica.<\/p>\n<p>\u201cEstamos trabajando en la conformaci\u00f3n del equipo, pero a Castelli se han sumado muchas personas que est\u00e1n colaborando, como, por ejemplo, las comisiones barriales, algunos pastores de iglesias, gente que est\u00e1 colaborando desinteresadamente con el programa tambi\u00e9n, como hoy el grupo de j\u00f3venes que nos est\u00e1n acompa\u00f1ando\u201d, puntualiz\u00f3 Vogel, confirmando la labor de entre 25 o 30 personas, tanto en relevamiento, como articulaci\u00f3n con instituciones de la zona, barriales, iglesias, y personas abocadas al trabajo social.<\/p>\n<p>Un programa para terminar con los intermediarios \u00d1achec se realiza a trav\u00e9s de la cartera de Desarrollo Humano, ejecut\u00e1ndose de manera descentralizada en regiones o localidades priorizadas, con m\u00faltiples actividades y acciones para luego ampliarlo a otras locaciones.<\/p>\n<p>Basados en cuatro ejes (pol\u00edtica alimentaria, programa de empleo, otro de capacitaci\u00f3n, y asistencia habitacional), los equipos a cargo relevan los recursos locales, institucionales, program\u00e1ticos y comunitarios de los puntos que visitan, posibilitando el acceso efectivo de los receptores del plan a las prestaciones establecidas.<\/p>\n<p>Por \u00faltimo, Vogel destac\u00f3 que se est\u00e1n reactivando los merenderos en toda la zona del Impenetrable que son y sirven de mucha ayuda a las familias, por la firme decisi\u00f3n pol\u00edtica del Gobernador, ya que hace un tiempo hab\u00edan dejado de funcionar\u201d.<\/p><\/div>\n","protected":false},"excerpt":{"rendered":"<p>Por instrucciones del gobernador Leandro Zdero y con el acompa\u00f1amiento de la ministra de Desarrollo Humano, Carina Botteri, el referente de la Regi\u00f3n Impenetrable del Programa \u00d1achec, Fernando Vogel celebr\u00f3 el \u00e9xito de los distintos operativos de entregas de m\u00f3dulos alimentarios, en el marco de la iniciativa provincial que busca lograr prestaciones sociales m\u00e1s equitativas [&hellip;]<\/p>\n","protected":false},"author":1,"featured_media":33260,"comment_status":"closed","ping_status":"closed","sticky":false,"template":"","format":"standard","meta":{"footnotes":""},"categories":[6],"tags":[],"class_list":{"0":"post-33259","1":"post","2":"type-post","3":"status-publish","4":"format-standard","5":"has-post-thumbnail","7":"category-chaco"},"_links":{"self":[{"href":"https:\/\/chacosintesis.com.ar\/index.php\/wp-json\/wp\/v2\/posts\/33259","targetHints":{"allow":["GET"]}}],"collection":[{"href":"https:\/\/chacosintesis.com.ar\/index.php\/wp-json\/wp\/v2\/posts"}],"about":[{"href":"https:\/\/chacosintesis.com.ar\/index.php\/wp-json\/wp\/v2\/types\/post"}],"author":[{"embeddable":true,"href":"https:\/\/chacosintesis.com.ar\/index.php\/wp-json\/wp\/v2\/users\/1"}],"replies":[{"embeddable":true,"href":"https:\/\/chacosintesis.com.ar\/index.php\/wp-json\/wp\/v2\/comments?post=33259"}],"version-history":[{"count":0,"href":"https:\/\/chacosintesis.com.ar\/index.php\/wp-json\/wp\/v2\/posts\/33259\/revisions"}],"wp:featuredmedia":[{"embeddable":true,"href":"https:\/\/chacosintesis.com.ar\/index.php\/wp-json\/wp\/v2\/media\/33260"}],"wp:attachment":[{"href":"https:\/\/chacosintesis.com.ar\/index.php\/wp-json\/wp\/v2\/media?parent=33259"}],"wp:term":[{"taxonomy":"category","embeddable":true,"href":"https:\/\/chacosintesis.com.ar\/index.php\/wp-json\/wp\/v2\/categories?post=33259"},{"taxonomy":"post_tag","embeddable":true,"href":"https:\/\/chacosintesis.com.ar\/index.php\/wp-json\/wp\/v2\/tags?post=33259"}],"curies":[{"name":"wp","href":"https:\/\/api.w.org\/{rel}","templated":true}]}}