{"id":33231,"date":"2024-05-05T20:42:22","date_gmt":"2024-05-05T23:42:22","guid":{"rendered":"https:\/\/chacosintesis.com.ar\/?p=33231"},"modified":"2024-05-05T20:44:17","modified_gmt":"2024-05-05T23:44:17","slug":"sameep-ejecuta-acciones-en-la-planta-de-puerto-lavalle-ante-la-bajante-extraordinaria-del-rio-bermejo","status":"publish","type":"post","link":"https:\/\/chacosintesis.com.ar\/index.php\/sameep-ejecuta-acciones-en-la-planta-de-puerto-lavalle-ante-la-bajante-extraordinaria-del-rio-bermejo\/","title":{"rendered":"Sameep ejecuta acciones en la planta de puerto lavalle ante la bajante extraordinaria del r\u00edo Bermejo"},"content":{"rendered":"<div class=\"postie-post\">La empresa advirti\u00f3 en las \u00faltimas horas una considerable merma en el caudal de agua que afecta la toma de l\u00edquido crudo en la Planta Potabilizadora de Puerto Lavalle, a causa de la considerable bajante del r\u00edo Bermejo.<\/p>\n<p>Ante esta situaci\u00f3n y luego de una reuni\u00f3n entre el gobernador de la provincia, Leandro Zdero y el presidente de Sameep Ing. Nicol\u00e1s Diez se establecieron mecanismos y l\u00edneas de acci\u00f3n para dar soluci\u00f3n a esta problem\u00e1tica.<\/p>\n<p>Durante el encuentro, el gobernador Zdero dio precisas instrucciones en cuanto a la contrataci\u00f3n de maquinarias y equipos para dar r\u00e1pida soluci\u00f3n a estos inconvenientes y as\u00ed minimizar el impacto sobre la Planta de Puerto Lavalle.<\/p>\n<p> En este sentido, las autoridades de Sameep realizan un monitoreo permanente de las acciones ejecutadas tendientes a la rencauzar la toma de agua para lograr su potabilizaci\u00f3n y distribuci\u00f3n a Puerto Lavalle, Fort\u00edn Lavalle, Juan Jos\u00e9 Castelli, Villa R\u00edo Bermejito, Miraflores y El Espinillo.<\/p>\n<p> A su vez, el jefe de la Planta de Puerto Lavalle, Alejandro Ruiz Diaz y su equipo t\u00e9cnico realizan el mantenimiento y mejora en distintos puntos de la planta, mientras se trabaja en  la profundizaci\u00f3n del canal del r\u00edo Bermejo hacia la Toma.<\/p>\n<p> \u201cEl cauce del Bermejo es muy cambiante y eso conlleva realizar nuevas canalizaciones mediante m\u00e1quinas para reencauzar el r\u00edo y as\u00ed lograr que el l\u00edquido pueda llegar hacia la toma de agua&#8221;, resalt\u00f3 el presidente de Sameep, Nicol\u00e1s Diez.<\/p>\n<p> Ante esta situaci\u00f3n, desde Sameep hace un llamado a los usuarios a realizar un uso consciente y solidario del recurso hasta tanto est\u00e9n finalizadas las tareas y se normalice el servicio.<\/p><\/div>\n","protected":false},"excerpt":{"rendered":"<p>La empresa advirti\u00f3 en las \u00faltimas horas una considerable merma en el caudal de agua que afecta la toma de l\u00edquido crudo en la Planta Potabilizadora de Puerto Lavalle, a causa de la considerable bajante del r\u00edo Bermejo. Ante esta situaci\u00f3n y luego de una reuni\u00f3n entre el gobernador de la provincia, Leandro Zdero y [&hellip;]<\/p>\n","protected":false},"author":1,"featured_media":33232,"comment_status":"closed","ping_status":"closed","sticky":false,"template":"","format":"standard","meta":{"footnotes":""},"categories":[6],"tags":[],"class_list":{"0":"post-33231","1":"post","2":"type-post","3":"status-publish","4":"format-standard","5":"has-post-thumbnail","7":"category-chaco"},"_links":{"self":[{"href":"https:\/\/chacosintesis.com.ar\/index.php\/wp-json\/wp\/v2\/posts\/33231","targetHints":{"allow":["GET"]}}],"collection":[{"href":"https:\/\/chacosintesis.com.ar\/index.php\/wp-json\/wp\/v2\/posts"}],"about":[{"href":"https:\/\/chacosintesis.com.ar\/index.php\/wp-json\/wp\/v2\/types\/post"}],"author":[{"embeddable":true,"href":"https:\/\/chacosintesis.com.ar\/index.php\/wp-json\/wp\/v2\/users\/1"}],"replies":[{"embeddable":true,"href":"https:\/\/chacosintesis.com.ar\/index.php\/wp-json\/wp\/v2\/comments?post=33231"}],"version-history":[{"count":0,"href":"https:\/\/chacosintesis.com.ar\/index.php\/wp-json\/wp\/v2\/posts\/33231\/revisions"}],"wp:featuredmedia":[{"embeddable":true,"href":"https:\/\/chacosintesis.com.ar\/index.php\/wp-json\/wp\/v2\/media\/33232"}],"wp:attachment":[{"href":"https:\/\/chacosintesis.com.ar\/index.php\/wp-json\/wp\/v2\/media?parent=33231"}],"wp:term":[{"taxonomy":"category","embeddable":true,"href":"https:\/\/chacosintesis.com.ar\/index.php\/wp-json\/wp\/v2\/categories?post=33231"},{"taxonomy":"post_tag","embeddable":true,"href":"https:\/\/chacosintesis.com.ar\/index.php\/wp-json\/wp\/v2\/tags?post=33231"}],"curies":[{"name":"wp","href":"https:\/\/api.w.org\/{rel}","templated":true}]}}