{"id":33211,"date":"2024-05-03T19:38:36","date_gmt":"2024-05-03T22:38:36","guid":{"rendered":"http:\/\/chacosintesis.com.ar\/?p=33211"},"modified":"2024-05-03T19:41:52","modified_gmt":"2024-05-03T22:41:52","slug":"familias-de-santa-sylvina-recibieron-sus-titulos-de-propiedad-tras-decadas-de-espera","status":"publish","type":"post","link":"https:\/\/chacosintesis.com.ar\/index.php\/familias-de-santa-sylvina-recibieron-sus-titulos-de-propiedad-tras-decadas-de-espera\/","title":{"rendered":"Familias de Santa Sylvina recibieron sus t\u00edtulos de propiedad, tras d\u00e9cadas de espera"},"content":{"rendered":"<div class=\"postie-post\">En un acto encabezado por el gobernador Leandro Zdero y autoridades del Instituto Provincial de Desarrollo Urbano y Vivienda (IPDUV) , un total de 45 familias recibieron la documentaci\u00f3n de leg\u00edtimos due\u00f1os y en algunos casos, tras una larga espera de 40 a\u00f1os. \u201cEl t\u00edtulo de propiedad brinda certidumbre y tranquilidad al que est\u00e1 construyendo, pero adem\u00e1s le da la posibilidad de que pueda tomar un cr\u00e9dito, un pr\u00e9stamo&#8221;, expres\u00f3 el mandatario, acompa\u00f1ado por la intendente local, Susana Maggio.<\/p>\n<p>En la jornada de hoy 45 familias chaque\u00f1as de Santa Sylvina han recibido la documentaci\u00f3n de sus hogares despu\u00e9s de una espera, de hasta 40 a\u00f1os. Berecoechea: \u201cEs un trabajo conjunto para mejorar la calidad de vida de los chaque\u00f1os\u201d<\/p>\n<p> Berecoechea destac\u00f3 la entrega de t\u00edtulos de propiedad y record\u00f3 que desde diciembre se entregaron viviendas (que se encuentran al costado de la ruta), a las que se les termin\u00f3 la red de agua, la red el\u00e9ctrica, las veredas y abrieron calles. Adem\u00e1s a principios de febrero comenz\u00f3 la planificaci\u00f3n de obras que permitir\u00e1n revalorizar y recuperar espacios p\u00fablicos\u201d.<\/p>\n<p> Esto se ha logrado como parte de los &#8220;Operativos Integrales&#8221;, una iniciativa que busca regularizar la tenencia de la tierra y proporcionar seguridad jur\u00eddica a los adjudicatarios.<\/p>\n<p> En la entrega de los t\u00edtulos de propiedad, estuvo el gobernador Leandro Zdero, acompa\u00f1ado por el presidente del IPDUV Fernando Berecoechea y los vocales Diego Guti\u00e9rrez y Daniel Monti.<\/p>\n<p> Los beneficiarios son de los barrios construidos mediante los planes: FONAVI, MAS, EVOLUTIVAS, INUNDADOS. Este importante acontecimiento, sucede luego de los operativos que se est\u00e1n llevando a cabo en diversas localidades de la provincia, con los objetivos primordiales de la regularizaci\u00f3n de viviendas, adjudicaciones, cancelaci\u00f3n de cr\u00e9ditos, refinanciaciones de deudas y escrituraci\u00f3n.<\/p>\n<p>La obtenci\u00f3n del t\u00edtulo de propiedad no solo certifica la leg\u00edtima posesi\u00f3n del bien, sino que tambi\u00e9n proporciona una serie de beneficios significativos para las familias. Adem\u00e1s de la seguridad jur\u00eddica, el acceso al cr\u00e9dito y a servicios p\u00fablicos indispensables como agua y luz, el t\u00edtulo de propiedad fortalece el legado familiar y fomenta la inclusi\u00f3n social.<\/p>\n<p>Acompa\u00f1aron adem\u00e1s, al Gobernador, la presidente de la C\u00e1mara de Diputados Carmen Delgado, la intendenta local Susana Maggio, el intendente de Chorotis Ariel Hofstetter y la subsecretaria de Municipios Gabriela Galarza.<\/p><\/div>\n","protected":false},"excerpt":{"rendered":"<p>En un acto encabezado por el gobernador Leandro Zdero y autoridades del Instituto Provincial de Desarrollo Urbano y Vivienda (IPDUV) , un total de 45 familias recibieron la documentaci\u00f3n de leg\u00edtimos due\u00f1os y en algunos casos, tras una larga espera de 40 a\u00f1os. \u201cEl t\u00edtulo de propiedad brinda certidumbre y tranquilidad al que est\u00e1 construyendo, [&hellip;]<\/p>\n","protected":false},"author":1,"featured_media":33212,"comment_status":"closed","ping_status":"closed","sticky":false,"template":"","format":"standard","meta":{"footnotes":""},"categories":[6],"tags":[],"class_list":{"0":"post-33211","1":"post","2":"type-post","3":"status-publish","4":"format-standard","5":"has-post-thumbnail","7":"category-chaco"},"_links":{"self":[{"href":"https:\/\/chacosintesis.com.ar\/index.php\/wp-json\/wp\/v2\/posts\/33211","targetHints":{"allow":["GET"]}}],"collection":[{"href":"https:\/\/chacosintesis.com.ar\/index.php\/wp-json\/wp\/v2\/posts"}],"about":[{"href":"https:\/\/chacosintesis.com.ar\/index.php\/wp-json\/wp\/v2\/types\/post"}],"author":[{"embeddable":true,"href":"https:\/\/chacosintesis.com.ar\/index.php\/wp-json\/wp\/v2\/users\/1"}],"replies":[{"embeddable":true,"href":"https:\/\/chacosintesis.com.ar\/index.php\/wp-json\/wp\/v2\/comments?post=33211"}],"version-history":[{"count":0,"href":"https:\/\/chacosintesis.com.ar\/index.php\/wp-json\/wp\/v2\/posts\/33211\/revisions"}],"wp:featuredmedia":[{"embeddable":true,"href":"https:\/\/chacosintesis.com.ar\/index.php\/wp-json\/wp\/v2\/media\/33212"}],"wp:attachment":[{"href":"https:\/\/chacosintesis.com.ar\/index.php\/wp-json\/wp\/v2\/media?parent=33211"}],"wp:term":[{"taxonomy":"category","embeddable":true,"href":"https:\/\/chacosintesis.com.ar\/index.php\/wp-json\/wp\/v2\/categories?post=33211"},{"taxonomy":"post_tag","embeddable":true,"href":"https:\/\/chacosintesis.com.ar\/index.php\/wp-json\/wp\/v2\/tags?post=33211"}],"curies":[{"name":"wp","href":"https:\/\/api.w.org\/{rel}","templated":true}]}}