{"id":33194,"date":"2024-05-03T13:03:17","date_gmt":"2024-05-03T16:03:17","guid":{"rendered":"https:\/\/chacosintesis.com.ar\/?p=33194"},"modified":"2024-05-03T13:05:40","modified_gmt":"2024-05-03T16:05:40","slug":"el-municipio-termal-adquirio-90-nuevas-camaras-de-videovigilancia-y-alarmas-vecinales","status":"publish","type":"post","link":"https:\/\/chacosintesis.com.ar\/index.php\/el-municipio-termal-adquirio-90-nuevas-camaras-de-videovigilancia-y-alarmas-vecinales\/","title":{"rendered":"El municipio termal adquiri\u00f3 90 nuevas c\u00e1maras de videovigilancia y alarmas vecinales"},"content":{"rendered":"<div class=\"postie-post\">En la ma\u00f1ana del viernes el intendente Bruno Cipolini encabez\u00f3 la presentaci\u00f3n de 90 nuevas c\u00e1maras de videovigilancia y 10 alarmas vecinales  que se suman a las ya existentes.<\/p>\n<p> En ese sentido el Intendente coment\u00f3 que actualmente hay 458 c\u00e1maras instaladas en distintos puntos de la ciudad y con las 90 adquiridas se llegar\u00e1 a 548. En tanto que, hay 75 alarmas vecinales conectadas al Centro de Monitoreo por lo que se llegar\u00e1 a 85 en total.<\/p>\n<p>En la oportunidad se cont\u00f3 con la presencia del secretario de Gobierno Diego Landriscina  y los subsecretarios de Modernizaci\u00f3n Santiago Delgado y el de Prevenci\u00f3n y Monitoreo Elias Lator. El Secretario de Gobierno coment\u00f3 que hay 50 c\u00e1maras m\u00e1s en proceso de compra, lo que permitir\u00e1 seguir ampliando el monitoreo en los barrios.<br \/>\n <img decoding=\"async\" src=\"data:image\/gif;base64,R0lGODlhAQABAIAAAAAAAP\/\/\/ywAAAAAAQABAAACAUwAOw==\" fifu-lazy=\"1\" fifu-data-sizes=\"auto\" fifu-data-srcset=\"https:\/\/i1.wp.com\/chacosintesis.com.ar\/wp-content\/uploads\/2024\/05\/DSC_5380-800x533.jpg?ssl=1&w=75&resize=75&ssl=1 75w, https:\/\/i1.wp.com\/chacosintesis.com.ar\/wp-content\/uploads\/2024\/05\/DSC_5380-800x533.jpg?ssl=1&w=100&resize=100&ssl=1 100w, https:\/\/i1.wp.com\/chacosintesis.com.ar\/wp-content\/uploads\/2024\/05\/DSC_5380-800x533.jpg?ssl=1&w=150&resize=150&ssl=1 150w, https:\/\/i1.wp.com\/chacosintesis.com.ar\/wp-content\/uploads\/2024\/05\/DSC_5380-800x533.jpg?ssl=1&w=240&resize=240&ssl=1 240w, https:\/\/i1.wp.com\/chacosintesis.com.ar\/wp-content\/uploads\/2024\/05\/DSC_5380-800x533.jpg?ssl=1&w=320&resize=320&ssl=1 320w, https:\/\/i1.wp.com\/chacosintesis.com.ar\/wp-content\/uploads\/2024\/05\/DSC_5380-800x533.jpg?ssl=1&w=500&resize=500&ssl=1 500w, https:\/\/i1.wp.com\/chacosintesis.com.ar\/wp-content\/uploads\/2024\/05\/DSC_5380-800x533.jpg?ssl=1&w=640&resize=640&ssl=1 640w, https:\/\/i1.wp.com\/chacosintesis.com.ar\/wp-content\/uploads\/2024\/05\/DSC_5380-800x533.jpg?ssl=1&w=800&resize=800&ssl=1 800w, https:\/\/i1.wp.com\/chacosintesis.com.ar\/wp-content\/uploads\/2024\/05\/DSC_5380-800x533.jpg?ssl=1&w=1024&resize=1024&ssl=1 1024w, https:\/\/i1.wp.com\/chacosintesis.com.ar\/wp-content\/uploads\/2024\/05\/DSC_5380-800x533.jpg?ssl=1&w=1280&resize=1280&ssl=1 1280w, https:\/\/i1.wp.com\/chacosintesis.com.ar\/wp-content\/uploads\/2024\/05\/DSC_5380-800x533.jpg?ssl=1&w=1600&resize=1600&ssl=1 1600w\" fifu-data-src=\"https:\/\/i1.wp.com\/chacosintesis.com.ar\/wp-content\/uploads\/2024\/05\/DSC_5380-800x533.jpg?ssl=1\" alt=\"\" width=\"800px\" height=\"533px\" class=\"alignnone size-medium wp-image-33196\" \/><\/p>\n<p> &#8220;El Centro de Monitoreo Municipal, sumado a la extensi\u00f3n de la fibra \u00f3ptica son herramientas fundamentales en materia de prevenci\u00f3n. Hemos ampliado la fibra \u00f3ptica a la zona sur de la ciudad y en el barrio Ginez Ben\u00edtez&#8221;, dijo el Intendente. En esa misma l\u00ednea coment\u00f3 que con las nuevas c\u00e1maras adquiridas Presidencia Roque S\u00e1enz Pe\u00f1a ser\u00e1 la ciudad con mayor superficie monitoreada de todo el norte argentino.<\/p>\n<p>&#8220;Sabemos que esto solo suma un grano de arena a un problema complejo, que est\u00e1 en el tope de las preocupaciones de nuestros vecinos,  como lo es la seguridad p\u00fablica. Durante much\u00edsimos a\u00f1os sentimos el reclamo de los vecinos y por eso d\u00eda a d\u00eda nos vamos involucrando, trabajando para brindar respuestas en ese sentido y teniendo una mirada diferente en materia de seguridad por parte de nuestro gobernador Leandro Zdero&#8221;, sostuvo.<\/p>\n<p> Por otro lado, coment\u00f3 que las nuevas c\u00e1maras se instalar\u00e1n en el barrio Gines Benitez, Tiro Federal, Yapey\u00fa y Ramseyer, dado que hace pocos d\u00edas se finaliz\u00f3 con la extensi\u00f3n de fibra \u00f3ptica por calle 13 desde la 28 hasta la 44, permitiendo cubrir los barrios de la zona. Adem\u00e1s, se continuar\u00e1 con la instalaci\u00f3n  en la zona sur beneficiando a los barrios N\u00e9stor Kirchner y Mitre, y una vez finalizada con la extensi\u00f3n troncal se instalar\u00e1n c\u00e1maras en los barrios Juan Domingo Per\u00f3n, Nal\u00e1 y 17 de Octubre.<\/p><\/div>\n","protected":false},"excerpt":{"rendered":"<p>En la ma\u00f1ana del viernes el intendente Bruno Cipolini encabez\u00f3 la presentaci\u00f3n de 90 nuevas c\u00e1maras de videovigilancia y 10 alarmas vecinales que se suman a las ya existentes. En ese sentido el Intendente coment\u00f3 que actualmente hay 458 c\u00e1maras instaladas en distintos puntos de la ciudad y con las 90 adquiridas se llegar\u00e1 a [&hellip;]<\/p>\n","protected":false},"author":1,"featured_media":33195,"comment_status":"closed","ping_status":"closed","sticky":false,"template":"","format":"standard","meta":{"footnotes":""},"categories":[6],"tags":[],"class_list":{"0":"post-33194","1":"post","2":"type-post","3":"status-publish","4":"format-standard","5":"has-post-thumbnail","7":"category-chaco"},"_links":{"self":[{"href":"https:\/\/chacosintesis.com.ar\/index.php\/wp-json\/wp\/v2\/posts\/33194","targetHints":{"allow":["GET"]}}],"collection":[{"href":"https:\/\/chacosintesis.com.ar\/index.php\/wp-json\/wp\/v2\/posts"}],"about":[{"href":"https:\/\/chacosintesis.com.ar\/index.php\/wp-json\/wp\/v2\/types\/post"}],"author":[{"embeddable":true,"href":"https:\/\/chacosintesis.com.ar\/index.php\/wp-json\/wp\/v2\/users\/1"}],"replies":[{"embeddable":true,"href":"https:\/\/chacosintesis.com.ar\/index.php\/wp-json\/wp\/v2\/comments?post=33194"}],"version-history":[{"count":0,"href":"https:\/\/chacosintesis.com.ar\/index.php\/wp-json\/wp\/v2\/posts\/33194\/revisions"}],"wp:featuredmedia":[{"embeddable":true,"href":"https:\/\/chacosintesis.com.ar\/index.php\/wp-json\/wp\/v2\/media\/33195"}],"wp:attachment":[{"href":"https:\/\/chacosintesis.com.ar\/index.php\/wp-json\/wp\/v2\/media?parent=33194"}],"wp:term":[{"taxonomy":"category","embeddable":true,"href":"https:\/\/chacosintesis.com.ar\/index.php\/wp-json\/wp\/v2\/categories?post=33194"},{"taxonomy":"post_tag","embeddable":true,"href":"https:\/\/chacosintesis.com.ar\/index.php\/wp-json\/wp\/v2\/tags?post=33194"}],"curies":[{"name":"wp","href":"https:\/\/api.w.org\/{rel}","templated":true}]}}