{"id":33178,"date":"2024-05-03T09:15:16","date_gmt":"2024-05-03T12:15:16","guid":{"rendered":"https:\/\/chacosintesis.com.ar\/?p=33178"},"modified":"2024-05-03T09:15:51","modified_gmt":"2024-05-03T12:15:51","slug":"charata-adolescentes-al-volante-pusieron-en-riesgo-su-vida-y-la-de-terceros","status":"publish","type":"post","link":"https:\/\/chacosintesis.com.ar\/index.php\/charata-adolescentes-al-volante-pusieron-en-riesgo-su-vida-y-la-de-terceros\/","title":{"rendered":"Charata: Adolescentes al volante pusieron en riesgo su vida y la de terceros"},"content":{"rendered":"<div class=\"postie-post\">Las &#8220;avivadas&#8221; de adolescentes se repiten en Charata, con menores que conducen veh\u00edculos de sus padres.<\/p>\n<p>Cinco adolescentes, cuatro de 17 a\u00f1os y uno de 18, circulaban en una camioneta sobre una de las avenidas principales, este lunes a las cuatro de la ma\u00f1ana, con uno de ellos sobre una rueda de cami\u00f3n, atada al veh\u00edculo que lo arrastraba. Fueron demorados por la polic\u00eda.<\/p>\n<p> &#8220;El grupo motorizado COM, que estaba haciendo su recorrida en las cuadr\u00edculas correspondientes, avizor\u00f3 una situaci\u00f3n particular, sobre calle Liniers, donde unos j\u00f3venes estaban realizando unas maniobras peligrosas. Con una camioneta arrastraban una cubierta de cami\u00f3n y sobre la cubierta se desplazaba otro joven&#8221;, detall\u00f3 el comisario Juan Cabrera Jefe del 911<br \/>\n&#8220;Los agentes, intervinieron para cuidar la integridad f\u00edsica de estos chicos, y de terceros: porque con esta soga tirada por la camioneta puede intervenir un eventual motociclista que se cruce y cause un accidente, tanto para ellos como para un autom\u00f3vil, en el peor de los casos, lo colisione o lo pueda lastimar al joven que iba realizando esta actividad&#8221;, agreg\u00f3 Cabrera.<\/p>\n<p> Se traslad\u00f3 a los cuatro menores de 17 a\u00f1os y al mayor de 18, y se notific\u00f3 al due\u00f1o de la camioneta, padre de uno de los adolescentes, quienes posteriormente fueron entregados a sus padres, los menores, y el mayor de edad fue notificado de su infracci\u00f3n.<\/p>\n<p> DIARIO NORTE.-<\/p><\/div>\n","protected":false},"excerpt":{"rendered":"<p>Las &#8220;avivadas&#8221; de adolescentes se repiten en Charata, con menores que conducen veh\u00edculos de sus padres. Cinco adolescentes, cuatro de 17 a\u00f1os y uno de 18, circulaban en una camioneta sobre una de las avenidas principales, este lunes a las cuatro de la ma\u00f1ana, con uno de ellos sobre una rueda de cami\u00f3n, atada al [&hellip;]<\/p>\n","protected":false},"author":1,"featured_media":33179,"comment_status":"closed","ping_status":"closed","sticky":false,"template":"","format":"standard","meta":{"footnotes":""},"categories":[6],"tags":[],"class_list":{"0":"post-33178","1":"post","2":"type-post","3":"status-publish","4":"format-standard","5":"has-post-thumbnail","7":"category-chaco"},"_links":{"self":[{"href":"https:\/\/chacosintesis.com.ar\/index.php\/wp-json\/wp\/v2\/posts\/33178","targetHints":{"allow":["GET"]}}],"collection":[{"href":"https:\/\/chacosintesis.com.ar\/index.php\/wp-json\/wp\/v2\/posts"}],"about":[{"href":"https:\/\/chacosintesis.com.ar\/index.php\/wp-json\/wp\/v2\/types\/post"}],"author":[{"embeddable":true,"href":"https:\/\/chacosintesis.com.ar\/index.php\/wp-json\/wp\/v2\/users\/1"}],"replies":[{"embeddable":true,"href":"https:\/\/chacosintesis.com.ar\/index.php\/wp-json\/wp\/v2\/comments?post=33178"}],"version-history":[{"count":0,"href":"https:\/\/chacosintesis.com.ar\/index.php\/wp-json\/wp\/v2\/posts\/33178\/revisions"}],"wp:featuredmedia":[{"embeddable":true,"href":"https:\/\/chacosintesis.com.ar\/index.php\/wp-json\/wp\/v2\/media\/33179"}],"wp:attachment":[{"href":"https:\/\/chacosintesis.com.ar\/index.php\/wp-json\/wp\/v2\/media?parent=33178"}],"wp:term":[{"taxonomy":"category","embeddable":true,"href":"https:\/\/chacosintesis.com.ar\/index.php\/wp-json\/wp\/v2\/categories?post=33178"},{"taxonomy":"post_tag","embeddable":true,"href":"https:\/\/chacosintesis.com.ar\/index.php\/wp-json\/wp\/v2\/tags?post=33178"}],"curies":[{"name":"wp","href":"https:\/\/api.w.org\/{rel}","templated":true}]}}