{"id":33154,"date":"2024-05-02T18:27:28","date_gmt":"2024-05-02T21:27:28","guid":{"rendered":"https:\/\/chacosintesis.com.ar\/?p=33154"},"modified":"2024-05-02T18:30:37","modified_gmt":"2024-05-02T21:30:37","slug":"saenz-pena-se-realizara-jornada-por-el-dia-mundial-de-la-celiaquia","status":"publish","type":"post","link":"https:\/\/chacosintesis.com.ar\/index.php\/saenz-pena-se-realizara-jornada-por-el-dia-mundial-de-la-celiaquia\/","title":{"rendered":"S\u00e1enz Pe\u00f1a: Se realizar\u00e1 jornada por El D\u00eda Mundial de la Celiaqu\u00eda"},"content":{"rendered":"<div class=\"postie-post\">Este viernes en el CIC Madre de Esperanza, se realizar\u00e1 una jornada en el marco del D\u00eda Mundial de la Celiaqu\u00eda que se conmemora el pr\u00f3ximo 5 de mayo.<br \/>\nEl secretario de Desarrollo Humano y Deportes Germ\u00e1n Rearte, junto a la coordinadora de la UPSN Damaris Candia e integrantes de Zona Sanitaria VII, anunciaron el operativo que se realizar\u00e1 el viernes 03, de 8 a 12 hs en el CIC ubicado en calle 224 entre 233 y 235 del B\u00b0 San Cayetano.<br \/>\nEsta jornada se realizar\u00e1 de manera conjunta entre la municipalidad, la Unidad de Seguimiento Nutricional perteneciente a la Subsecretar\u00eda de Ni\u00f1ez, Adolescencia y Familia de la provincia y los diferentes CAPS de la ciudad; habr\u00e1 charlas, controles y evaluaciones a cargo de nutricionistas, obstetras, enfermeros y trabajadores sociales.<\/div>\n","protected":false},"excerpt":{"rendered":"<p>Este viernes en el CIC Madre de Esperanza, se realizar\u00e1 una jornada en el marco del D\u00eda Mundial de la Celiaqu\u00eda que se conmemora el pr\u00f3ximo 5 de mayo. El secretario de Desarrollo Humano y Deportes Germ\u00e1n Rearte, junto a la coordinadora de la UPSN Damaris Candia e integrantes de Zona Sanitaria VII, anunciaron el [&hellip;]<\/p>\n","protected":false},"author":1,"featured_media":33155,"comment_status":"closed","ping_status":"closed","sticky":false,"template":"","format":"standard","meta":{"footnotes":""},"categories":[6],"tags":[],"class_list":{"0":"post-33154","1":"post","2":"type-post","3":"status-publish","4":"format-standard","5":"has-post-thumbnail","7":"category-chaco"},"_links":{"self":[{"href":"https:\/\/chacosintesis.com.ar\/index.php\/wp-json\/wp\/v2\/posts\/33154","targetHints":{"allow":["GET"]}}],"collection":[{"href":"https:\/\/chacosintesis.com.ar\/index.php\/wp-json\/wp\/v2\/posts"}],"about":[{"href":"https:\/\/chacosintesis.com.ar\/index.php\/wp-json\/wp\/v2\/types\/post"}],"author":[{"embeddable":true,"href":"https:\/\/chacosintesis.com.ar\/index.php\/wp-json\/wp\/v2\/users\/1"}],"replies":[{"embeddable":true,"href":"https:\/\/chacosintesis.com.ar\/index.php\/wp-json\/wp\/v2\/comments?post=33154"}],"version-history":[{"count":0,"href":"https:\/\/chacosintesis.com.ar\/index.php\/wp-json\/wp\/v2\/posts\/33154\/revisions"}],"wp:featuredmedia":[{"embeddable":true,"href":"https:\/\/chacosintesis.com.ar\/index.php\/wp-json\/wp\/v2\/media\/33155"}],"wp:attachment":[{"href":"https:\/\/chacosintesis.com.ar\/index.php\/wp-json\/wp\/v2\/media?parent=33154"}],"wp:term":[{"taxonomy":"category","embeddable":true,"href":"https:\/\/chacosintesis.com.ar\/index.php\/wp-json\/wp\/v2\/categories?post=33154"},{"taxonomy":"post_tag","embeddable":true,"href":"https:\/\/chacosintesis.com.ar\/index.php\/wp-json\/wp\/v2\/tags?post=33154"}],"curies":[{"name":"wp","href":"https:\/\/api.w.org\/{rel}","templated":true}]}}