{"id":33133,"date":"2024-05-02T11:28:15","date_gmt":"2024-05-02T14:28:15","guid":{"rendered":"https:\/\/chacosintesis.com.ar\/?p=33133"},"modified":"2024-05-02T11:30:42","modified_gmt":"2024-05-02T14:30:42","slug":"multitudinario-desfile-de-carrozas-y-autos-antiguos-en-saenz-pena","status":"publish","type":"post","link":"https:\/\/chacosintesis.com.ar\/index.php\/multitudinario-desfile-de-carrozas-y-autos-antiguos-en-saenz-pena\/","title":{"rendered":"Multitudinario desfile de carrozas y autos antiguos en S\u00e1enz Pe\u00f1a"},"content":{"rendered":"<div class=\"postie-post\">Luego de ser reprogramado, finalmente el mi\u00e9rcoles 1 de mayo, se realiz\u00f3 el tradicional desfile de carrozas y autos antiguos organizado por la municipalidad de Presidencia Roque S\u00e1enz Pe\u00f1a en el marco de los festejos por el 112 aniversario.<\/p>\n<p>En la oportunidad se cont\u00f3 con un gran marco de p\u00fablico que se hizo presente sobre la calle 12 para disfrutar del evento del cual participaron academias de danzas, agrupaciones gauchas, clubes, instituciones, dependencias municipales como la Secretar\u00eda de Cultura, la de Servicios P\u00fablicos, Obras P\u00fablias y Adultos Mayores, los autos y motos antiguas y las Colectividades Extranjeras.<\/p>\n<p>El desfile se despleg\u00f3 por la calle 12 desde la 1 hasta la calle 9, durante ese trayecto los vecinos y autoridades presentes pudieron apreciar el trabajo de cada uno de los participantes.<br \/>\n <img decoding=\"async\" src=\"data:image\/gif;base64,R0lGODlhAQABAIAAAAAAAP\/\/\/ywAAAAAAQABAAACAUwAOw==\" fifu-lazy=\"1\" fifu-data-sizes=\"auto\" fifu-data-srcset=\"https:\/\/i2.wp.com\/chacosintesis.com.ar\/wp-content\/uploads\/2024\/05\/WhatsApp-Image-2024-05-01-at-23.16.31-800x533.jpeg?ssl=1&w=75&resize=75&ssl=1 75w, https:\/\/i2.wp.com\/chacosintesis.com.ar\/wp-content\/uploads\/2024\/05\/WhatsApp-Image-2024-05-01-at-23.16.31-800x533.jpeg?ssl=1&w=100&resize=100&ssl=1 100w, https:\/\/i2.wp.com\/chacosintesis.com.ar\/wp-content\/uploads\/2024\/05\/WhatsApp-Image-2024-05-01-at-23.16.31-800x533.jpeg?ssl=1&w=150&resize=150&ssl=1 150w, https:\/\/i2.wp.com\/chacosintesis.com.ar\/wp-content\/uploads\/2024\/05\/WhatsApp-Image-2024-05-01-at-23.16.31-800x533.jpeg?ssl=1&w=240&resize=240&ssl=1 240w, https:\/\/i2.wp.com\/chacosintesis.com.ar\/wp-content\/uploads\/2024\/05\/WhatsApp-Image-2024-05-01-at-23.16.31-800x533.jpeg?ssl=1&w=320&resize=320&ssl=1 320w, https:\/\/i2.wp.com\/chacosintesis.com.ar\/wp-content\/uploads\/2024\/05\/WhatsApp-Image-2024-05-01-at-23.16.31-800x533.jpeg?ssl=1&w=500&resize=500&ssl=1 500w, https:\/\/i2.wp.com\/chacosintesis.com.ar\/wp-content\/uploads\/2024\/05\/WhatsApp-Image-2024-05-01-at-23.16.31-800x533.jpeg?ssl=1&w=640&resize=640&ssl=1 640w, https:\/\/i2.wp.com\/chacosintesis.com.ar\/wp-content\/uploads\/2024\/05\/WhatsApp-Image-2024-05-01-at-23.16.31-800x533.jpeg?ssl=1&w=800&resize=800&ssl=1 800w, https:\/\/i2.wp.com\/chacosintesis.com.ar\/wp-content\/uploads\/2024\/05\/WhatsApp-Image-2024-05-01-at-23.16.31-800x533.jpeg?ssl=1&w=1024&resize=1024&ssl=1 1024w, https:\/\/i2.wp.com\/chacosintesis.com.ar\/wp-content\/uploads\/2024\/05\/WhatsApp-Image-2024-05-01-at-23.16.31-800x533.jpeg?ssl=1&w=1280&resize=1280&ssl=1 1280w, https:\/\/i2.wp.com\/chacosintesis.com.ar\/wp-content\/uploads\/2024\/05\/WhatsApp-Image-2024-05-01-at-23.16.31-800x533.jpeg?ssl=1&w=1600&resize=1600&ssl=1 1600w\" fifu-data-src=\"https:\/\/i2.wp.com\/chacosintesis.com.ar\/wp-content\/uploads\/2024\/05\/WhatsApp-Image-2024-05-01-at-23.16.31-800x533.jpeg?ssl=1\" alt=\"\" width=\"800px\" height=\"533px\" class=\"alignnone size-medium wp-image-33135\" \/><\/p>\n<p> Con mucho color y alegr\u00eda las instituciones y colectividades pudieron compartir parte de su historia y en el caso de las colectividades, tambi\u00e9n, su cultura y bailes t\u00edpicos.<\/p>\n<p>Un momento especial se vivi\u00f3 durante el evento donde se rindi\u00f3 un sentido homenaje a Leonardo Fortunato, quien en vida fuera reconocido locutor de la ciudad y habitual conductor del desfile. En la oportunidad el intendente Bruno Cipolini hizo entrega de una placa conmemorativa a las hijas del reconocido  locutor.<br \/>\n <img decoding=\"async\" src=\"data:image\/gif;base64,R0lGODlhAQABAIAAAAAAAP\/\/\/ywAAAAAAQABAAACAUwAOw==\" fifu-lazy=\"1\" fifu-data-sizes=\"auto\" fifu-data-srcset=\"https:\/\/i2.wp.com\/chacosintesis.com.ar\/wp-content\/uploads\/2024\/05\/WhatsApp-Image-2024-05-01-at-23.16.40-800x533.jpeg?ssl=1&w=75&resize=75&ssl=1 75w, https:\/\/i2.wp.com\/chacosintesis.com.ar\/wp-content\/uploads\/2024\/05\/WhatsApp-Image-2024-05-01-at-23.16.40-800x533.jpeg?ssl=1&w=100&resize=100&ssl=1 100w, https:\/\/i2.wp.com\/chacosintesis.com.ar\/wp-content\/uploads\/2024\/05\/WhatsApp-Image-2024-05-01-at-23.16.40-800x533.jpeg?ssl=1&w=150&resize=150&ssl=1 150w, https:\/\/i2.wp.com\/chacosintesis.com.ar\/wp-content\/uploads\/2024\/05\/WhatsApp-Image-2024-05-01-at-23.16.40-800x533.jpeg?ssl=1&w=240&resize=240&ssl=1 240w, https:\/\/i2.wp.com\/chacosintesis.com.ar\/wp-content\/uploads\/2024\/05\/WhatsApp-Image-2024-05-01-at-23.16.40-800x533.jpeg?ssl=1&w=320&resize=320&ssl=1 320w, https:\/\/i2.wp.com\/chacosintesis.com.ar\/wp-content\/uploads\/2024\/05\/WhatsApp-Image-2024-05-01-at-23.16.40-800x533.jpeg?ssl=1&w=500&resize=500&ssl=1 500w, https:\/\/i2.wp.com\/chacosintesis.com.ar\/wp-content\/uploads\/2024\/05\/WhatsApp-Image-2024-05-01-at-23.16.40-800x533.jpeg?ssl=1&w=640&resize=640&ssl=1 640w, https:\/\/i2.wp.com\/chacosintesis.com.ar\/wp-content\/uploads\/2024\/05\/WhatsApp-Image-2024-05-01-at-23.16.40-800x533.jpeg?ssl=1&w=800&resize=800&ssl=1 800w, https:\/\/i2.wp.com\/chacosintesis.com.ar\/wp-content\/uploads\/2024\/05\/WhatsApp-Image-2024-05-01-at-23.16.40-800x533.jpeg?ssl=1&w=1024&resize=1024&ssl=1 1024w, https:\/\/i2.wp.com\/chacosintesis.com.ar\/wp-content\/uploads\/2024\/05\/WhatsApp-Image-2024-05-01-at-23.16.40-800x533.jpeg?ssl=1&w=1280&resize=1280&ssl=1 1280w, https:\/\/i2.wp.com\/chacosintesis.com.ar\/wp-content\/uploads\/2024\/05\/WhatsApp-Image-2024-05-01-at-23.16.40-800x533.jpeg?ssl=1&w=1600&resize=1600&ssl=1 1600w\" fifu-data-src=\"https:\/\/i2.wp.com\/chacosintesis.com.ar\/wp-content\/uploads\/2024\/05\/WhatsApp-Image-2024-05-01-at-23.16.40-800x533.jpeg?ssl=1\" alt=\"\" width=\"800px\" height=\"533px\" class=\"alignnone size-medium wp-image-33136\" \/><\/p>\n<p>Se vivi\u00f3 una tarde agradable, donde las familias saenzpe\u00f1enses pudieron disfrutar a pleno cerrando el D\u00eda del Trabajador.<\/p><\/div>\n","protected":false},"excerpt":{"rendered":"<p>Luego de ser reprogramado, finalmente el mi\u00e9rcoles 1 de mayo, se realiz\u00f3 el tradicional desfile de carrozas y autos antiguos organizado por la municipalidad de Presidencia Roque S\u00e1enz Pe\u00f1a en el marco de los festejos por el 112 aniversario. En la oportunidad se cont\u00f3 con un gran marco de p\u00fablico que se hizo presente sobre [&hellip;]<\/p>\n","protected":false},"author":1,"featured_media":33134,"comment_status":"closed","ping_status":"closed","sticky":false,"template":"","format":"standard","meta":{"footnotes":""},"categories":[6],"tags":[],"class_list":{"0":"post-33133","1":"post","2":"type-post","3":"status-publish","4":"format-standard","5":"has-post-thumbnail","7":"category-chaco"},"_links":{"self":[{"href":"https:\/\/chacosintesis.com.ar\/index.php\/wp-json\/wp\/v2\/posts\/33133","targetHints":{"allow":["GET"]}}],"collection":[{"href":"https:\/\/chacosintesis.com.ar\/index.php\/wp-json\/wp\/v2\/posts"}],"about":[{"href":"https:\/\/chacosintesis.com.ar\/index.php\/wp-json\/wp\/v2\/types\/post"}],"author":[{"embeddable":true,"href":"https:\/\/chacosintesis.com.ar\/index.php\/wp-json\/wp\/v2\/users\/1"}],"replies":[{"embeddable":true,"href":"https:\/\/chacosintesis.com.ar\/index.php\/wp-json\/wp\/v2\/comments?post=33133"}],"version-history":[{"count":0,"href":"https:\/\/chacosintesis.com.ar\/index.php\/wp-json\/wp\/v2\/posts\/33133\/revisions"}],"wp:featuredmedia":[{"embeddable":true,"href":"https:\/\/chacosintesis.com.ar\/index.php\/wp-json\/wp\/v2\/media\/33134"}],"wp:attachment":[{"href":"https:\/\/chacosintesis.com.ar\/index.php\/wp-json\/wp\/v2\/media?parent=33133"}],"wp:term":[{"taxonomy":"category","embeddable":true,"href":"https:\/\/chacosintesis.com.ar\/index.php\/wp-json\/wp\/v2\/categories?post=33133"},{"taxonomy":"post_tag","embeddable":true,"href":"https:\/\/chacosintesis.com.ar\/index.php\/wp-json\/wp\/v2\/tags?post=33133"}],"curies":[{"name":"wp","href":"https:\/\/api.w.org\/{rel}","templated":true}]}}