{"id":33121,"date":"2024-05-02T08:33:10","date_gmt":"2024-05-02T11:33:10","guid":{"rendered":"https:\/\/chacosintesis.com.ar\/?p=33121"},"modified":"2024-05-02T08:35:32","modified_gmt":"2024-05-02T11:35:32","slug":"saenz-pena-un-hombre-manejaba-con-215-gramos-de-alcohol-en-sangre-y-se-llevo-por-delante-una-palmera","status":"publish","type":"post","link":"https:\/\/chacosintesis.com.ar\/index.php\/saenz-pena-un-hombre-manejaba-con-215-gramos-de-alcohol-en-sangre-y-se-llevo-por-delante-una-palmera\/","title":{"rendered":"S\u00e1enz Pe\u00f1a: Un hombre manejaba con 2,15 gramos de alcohol en sangre y se llev\u00f3 por delante una palmera"},"content":{"rendered":"<div class=\"postie-post\">Un siniestro vial se produjo en la ma\u00f1ana de este mi\u00e9rcoles en la avenida 1, entre 8 y 10 del centro de S\u00e1enz Pe\u00f1a. All\u00ed, la polic\u00eda encontr\u00f3 una camioneta Ford F100 guiada por un hombre de 47 a\u00f1os que viajaba junto a un acompa\u00f1ante de 51 a\u00f1os que result\u00f3 con lesiones en su rostro.<br \/>\nLa camioneta presentaba da\u00f1os en la parte delantera tras haber impactado contra una palmera luego de subir al bulevar, no existiendo otro part\u00edcipe del hecho. La persona herida fue trasladada al Hospital 4 de Junio donde el m\u00e9dico de guardia inform\u00f3 que el hombre presentaba un corte en el rostro y lesiones leves, y luego de curaciones fue dado de alta.<\/p>\n<p>La Jueza de Faltas Celia Altamiranda dispuso que personal de Polic\u00eda Caminera realice el correspondiente test de alcoholemia, arrojando como resultado 2,15 g\/l, por lo que qued\u00f3 detenido.<br \/>\nRespecto al conductor de la camioneta, el fiscal en turno dispuso que sea identificado y se proceda a la entrega del rodado previa acreditaci\u00f3n de propiedad. Asimismo, en forma paralela se instruyen actuaciones contravencionales por infracciones art. 60, 89 y 96 de la Ley 850-J del C\u00f3digo de Faltas.<br \/>\nEl veh\u00edculo fue retirado del lugar a las 07:30 con una gr\u00faa por el primo del conductor. Intervino en el lugar personal de la Divisi\u00f3n Criminal\u00edstica.<\/p>\n<p>DIARIO CHACO.-<\/p><\/div>\n","protected":false},"excerpt":{"rendered":"<p>Un siniestro vial se produjo en la ma\u00f1ana de este mi\u00e9rcoles en la avenida 1, entre 8 y 10 del centro de S\u00e1enz Pe\u00f1a. All\u00ed, la polic\u00eda encontr\u00f3 una camioneta Ford F100 guiada por un hombre de 47 a\u00f1os que viajaba junto a un acompa\u00f1ante de 51 a\u00f1os que result\u00f3 con lesiones en su rostro. [&hellip;]<\/p>\n","protected":false},"author":1,"featured_media":33122,"comment_status":"closed","ping_status":"closed","sticky":false,"template":"","format":"standard","meta":{"footnotes":""},"categories":[6],"tags":[],"class_list":{"0":"post-33121","1":"post","2":"type-post","3":"status-publish","4":"format-standard","5":"has-post-thumbnail","7":"category-chaco"},"_links":{"self":[{"href":"https:\/\/chacosintesis.com.ar\/index.php\/wp-json\/wp\/v2\/posts\/33121","targetHints":{"allow":["GET"]}}],"collection":[{"href":"https:\/\/chacosintesis.com.ar\/index.php\/wp-json\/wp\/v2\/posts"}],"about":[{"href":"https:\/\/chacosintesis.com.ar\/index.php\/wp-json\/wp\/v2\/types\/post"}],"author":[{"embeddable":true,"href":"https:\/\/chacosintesis.com.ar\/index.php\/wp-json\/wp\/v2\/users\/1"}],"replies":[{"embeddable":true,"href":"https:\/\/chacosintesis.com.ar\/index.php\/wp-json\/wp\/v2\/comments?post=33121"}],"version-history":[{"count":0,"href":"https:\/\/chacosintesis.com.ar\/index.php\/wp-json\/wp\/v2\/posts\/33121\/revisions"}],"wp:featuredmedia":[{"embeddable":true,"href":"https:\/\/chacosintesis.com.ar\/index.php\/wp-json\/wp\/v2\/media\/33122"}],"wp:attachment":[{"href":"https:\/\/chacosintesis.com.ar\/index.php\/wp-json\/wp\/v2\/media?parent=33121"}],"wp:term":[{"taxonomy":"category","embeddable":true,"href":"https:\/\/chacosintesis.com.ar\/index.php\/wp-json\/wp\/v2\/categories?post=33121"},{"taxonomy":"post_tag","embeddable":true,"href":"https:\/\/chacosintesis.com.ar\/index.php\/wp-json\/wp\/v2\/tags?post=33121"}],"curies":[{"name":"wp","href":"https:\/\/api.w.org\/{rel}","templated":true}]}}